{"id":4342,"date":"2022-12-21T13:25:34","date_gmt":"2022-12-21T12:25:34","guid":{"rendered":"https:\/\/www.mfoto.es\/noticias\/?p=4342"},"modified":"2022-12-21T13:26:08","modified_gmt":"2022-12-21T12:26:08","slug":"ivan-ares-gana-el-rallyshow-del-jarama","status":"publish","type":"post","link":"https:\/\/www.mfoto.es\/noticias\/?p=4342","title":{"rendered":"Iv\u00e1n Ares gana el Rallyshow del Jarama"},"content":{"rendered":"\n<div id=\"attachment_4343\" style=\"width: 460px\" class=\"wp-caption aligncenter\"><img loading=\"lazy\" decoding=\"async\" aria-describedby=\"caption-attachment-4343\" class=\"wp-image-4343 size-full\" src=\"https:\/\/www.mfoto.es\/noticias\/wp-content\/uploads_2012\/335_ares_madrid.jpg\" alt=\"\" width=\"450\" height=\"300\" srcset=\"https:\/\/www.mfoto.es\/noticias\/wp-content\/uploads_2012\/335_ares_madrid.jpg 450w, https:\/\/www.mfoto.es\/noticias\/wp-content\/uploads_2012\/335_ares_madrid-300x200.jpg 300w\" sizes=\"auto, (max-width: 450px) 100vw, 450px\" \/><p id=\"caption-attachment-4343\" class=\"wp-caption-text\">Victoria de Ares en la fiesta del Jarama &#8211; Foto: C\u00e9sar Rodr\u00edguez<\/p><\/div>\n\n\n\n<p>El Rallyshow Comunidad de Madrid RACE, evento celebrado en el circuito del Jarama como fiesta fin de temporada sobre superficie mixta, terminaba con victoria para Iv\u00e1n Ares y Jos\u00e9 Pintor a bordo del Hyundai i20 N Rally2, por delante de los campeones de Europa, Efr\u00e9n Llarena y Sara Fern\u00e1ndez con su Skoda Fabia Rally2.<\/p>\n\n\n\n<p>En las dem\u00e1s categor\u00edas, Diego Ruiloba consegu\u00eda la victoria de la categor\u00eda 2 con su Peugeot 208 Rally4, Sergi Francol\u00ed ganaba entre los Toyota Gazoo Racing Iberian Cup y Adri\u00e1n Lecha con un Dacia Sandero N3 se impon\u00eda en la categor\u00eda 3.<\/p>\n\n\n\n<p>Con este evento se da por finalizada la temporada 2022 del S\u00faperCER, hasta el mes de marzo en el Rallye Sierra Morena, en el que dar\u00e1 comienzo al campeonato 2023.<\/p>\n\n\n\n<div style=\"height:20px\" aria-hidden=\"true\" class=\"wp-block-spacer\"><\/div>\n\n\n\n<hr class=\"wp-block-separator has-alpha-channel-opacity\"\/>\n\n\n\n<p><strong>Clasificaciones Rallyshow Comunidad de Madrid 2022:<\/strong><\/p>\n\n\n\n<figure class=\"wp-block-image size-large\"><img loading=\"lazy\" decoding=\"async\" width=\"424\" height=\"800\" src=\"https:\/\/www.mfoto.es\/noticias\/wp-content\/uploads_2012\/336_clas_rallyshow-424x800.jpg\" alt=\"\" class=\"wp-image-4344\" srcset=\"https:\/\/www.mfoto.es\/noticias\/wp-content\/uploads_2012\/336_clas_rallyshow-424x800.jpg 424w, https:\/\/www.mfoto.es\/noticias\/wp-content\/uploads_2012\/336_clas_rallyshow-159x300.jpg 159w, https:\/\/www.mfoto.es\/noticias\/wp-content\/uploads_2012\/336_clas_rallyshow.jpg 450w\" sizes=\"auto, (max-width: 424px) 100vw, 424px\" \/><\/figure>\n\n\n\n<hr class=\"wp-block-separator has-alpha-channel-opacity\"\/>\n","protected":false},"excerpt":{"rendered":"<p>El Rallyshow Comunidad de Madrid RACE, evento celebrado en el circuito del Jarama como fiesta fin de temporada sobre superficie mixta, terminaba con victoria para Iv\u00e1n Ares y Jos\u00e9 Pintor a bordo del Hyundai i20 N Rally2, por delante de los campeones de Europa, Efr\u00e9n Llarena y Sara Fern\u00e1ndez con su Skoda Fabia Rally2. En [&hellip;]<\/p>\n","protected":false},"author":1,"featured_media":0,"comment_status":"closed","ping_status":"closed","sticky":false,"template":"","format":"standard","meta":{"footnotes":""},"categories":[256,141,234,5,271,210],"tags":[],"class_list":["post-4342","post","type-post","status-publish","format-standard","hentry","category-256","category-ares","category-francoli","category-nacional","category-ruiloba","category-supercer"],"_links":{"self":[{"href":"https:\/\/www.mfoto.es\/noticias\/index.php?rest_route=\/wp\/v2\/posts\/4342","targetHints":{"allow":["GET"]}}],"collection":[{"href":"https:\/\/www.mfoto.es\/noticias\/index.php?rest_route=\/wp\/v2\/posts"}],"about":[{"href":"https:\/\/www.mfoto.es\/noticias\/index.php?rest_route=\/wp\/v2\/types\/post"}],"author":[{"embeddable":true,"href":"https:\/\/www.mfoto.es\/noticias\/index.php?rest_route=\/wp\/v2\/users\/1"}],"replies":[{"embeddable":true,"href":"https:\/\/www.mfoto.es\/noticias\/index.php?rest_route=%2Fwp%2Fv2%2Fcomments&post=4342"}],"version-history":[{"count":3,"href":"https:\/\/www.mfoto.es\/noticias\/index.php?rest_route=\/wp\/v2\/posts\/4342\/revisions"}],"predecessor-version":[{"id":4347,"href":"https:\/\/www.mfoto.es\/noticias\/index.php?rest_route=\/wp\/v2\/posts\/4342\/revisions\/4347"}],"wp:attachment":[{"href":"https:\/\/www.mfoto.es\/noticias\/index.php?rest_route=%2Fwp%2Fv2%2Fmedia&parent=4342"}],"wp:term":[{"taxonomy":"category","embeddable":true,"href":"https:\/\/www.mfoto.es\/noticias\/index.php?rest_route=%2Fwp%2Fv2%2Fcategories&post=4342"},{"taxonomy":"post_tag","embeddable":true,"href":"https:\/\/www.mfoto.es\/noticias\/index.php?rest_route=%2Fwp%2Fv2%2Ftags&post=4342"}],"curies":[{"name":"wp","href":"https:\/\/api.w.org\/{rel}","templated":true}]}}