{"id":4331,"date":"2022-11-29T16:00:16","date_gmt":"2022-11-29T15:00:16","guid":{"rendered":"https:\/\/www.mfoto.es\/noticias\/?p=4331"},"modified":"2022-11-29T23:26:20","modified_gmt":"2022-11-29T22:26:20","slug":"victoria-para-llarena-y-supercampeonato-para-lopez-en-en-rallye-villa-de-adeje","status":"publish","type":"post","link":"https:\/\/www.mfoto.es\/noticias\/?p=4331","title":{"rendered":"Victoria para Llarena y S\u00fapercampeonato para L\u00f3pez en en Rallye Villa de Adeje"},"content":{"rendered":"\n<p><img loading=\"lazy\" decoding=\"async\" class=\"alignleft\" src=\"http:\/\/www.mfoto.es\/logos\/foto.gif\" alt=\"\" width=\"50\" height=\"36\"><\/p>\n<p><strong><a href=\"https:\/\/www.mfoto.es\/fotos\/2022\/16_adeje\/\">FOTOS RALLYE VILLA DE ADEJE<\/a><\/strong><\/p>\n\n<div id=\"attachment_4332\" style=\"width: 460px\" class=\"wp-caption alignnone\"><img loading=\"lazy\" decoding=\"async\" aria-describedby=\"caption-attachment-4332\" class=\"wp-image-4332 size-full\" src=\"https:\/\/www.mfoto.es\/noticias\/wpcontent\/uploads_2012\/333_llarena_adeje.jpg\" alt=\"\" width=\"450\" height=\"300\" srcset=\"https:\/\/www.mfoto.es\/noticias\/wp-content\/uploads_2012\/333_llarena_adeje.jpg 450w, https:\/\/www.mfoto.es\/noticias\/wp-content\/uploads_2012\/333_llarena_adeje-300x200.jpg 300w\" sizes=\"auto, (max-width: 450px) 100vw, 450px\" \/><p id=\"caption-attachment-4332\" class=\"wp-caption-text\">Victoria para Efr\u00e9n Llarena y Sara Fern\u00e1ndez en Adeje<\/p><\/div>\n\n\n\n<p>Los actuales campeones de Europa, Efr\u00e9n Llarena y Sara Fern\u00e1ndez, con un Skoda Fabia Rally2, consegu\u00edan la victoria en el 31 Rallye Villa de Adeje.<\/p>\n\n\n\n<p>Los locales Enrique Cruz y Yeray M\u00fajica, con un Ford Fiesta R5, terminaban a 15.8 segundos tras intentar en vano mantener la primera posici\u00f3n y este resultado les serv\u00eda para proclamarse campeones de Canarias.<\/p>\n\n\n\n<div style=\"height:20px\" aria-hidden=\"true\" class=\"wp-block-spacer\"><\/div>\n\n\n\n<div id=\"attachment_4333\" style=\"width: 460px\" class=\"wp-caption aligncenter\"><img loading=\"lazy\" decoding=\"async\" aria-describedby=\"caption-attachment-4333\" class=\"wp-image-4333 size-full\" src=\"https:\/\/www.mfoto.es\/noticias\/wp-content\/uploads_2012\/334_lopez_adeje.jpg\" alt=\"\" width=\"450\" height=\"300\" srcset=\"https:\/\/www.mfoto.es\/noticias\/wp-content\/uploads_2012\/334_lopez_adeje.jpg 450w, https:\/\/www.mfoto.es\/noticias\/wp-content\/uploads_2012\/334_lopez_adeje-300x200.jpg 300w\" sizes=\"auto, (max-width: 450px) 100vw, 450px\" \/><p id=\"caption-attachment-4333\" class=\"wp-caption-text\">Pepe L\u00f3pez y Borja Rozada consegu\u00edan el S\u00fapercampeonato 2022<\/p><\/div>\n\n\n\n<p>Pepe L\u00f3pez y Borja Rozada, con Hyundai i20N Rally2, acababan en la tercera plaza sin tomar riesgos innecesarios y aseguraban el t\u00edtulo del Supercampeonato de Espa\u00f1a de Rallyes 2022.<\/p>\n\n\n\n<p>Por detr\u00e1s, Alejandro Cach\u00f3n y \u00abJandrin\u00bb L\u00f3pez con el Citro\u00ebn C3 Rally2 acababan en la cuarta posici\u00f3n a 58.1 segundos tras perder tiempo en un trompo y penalizar en un control horario y la quinta plaza era para Surhayen Pern\u00eda y Alba S\u00e1nchez, rodando regularmente con el Hyundai i20N Rally2 y terminando a 1:50.3.<\/p>\n\n\n\n<p>A destacar un nuevo abandono de Iv\u00e1n Ares, de nuevo por problemas mec\u00e1nicos en su Hyundai i20N Rally2, en el tercer tramo del rallye.<\/p>\n\n\n\n<p>Aunque esta era la \u00faltima prueba puntuable para el Supercampeonato, a\u00fan queda el Rally Show Comunidad de Madrid, como prueba espect\u00e1culo para terminar la temporada 2022, el d\u00eda 17 de Diciembre en el Circuito del Jarama.<\/p>\n\n\n\n<div style=\"height:20px\" aria-hidden=\"true\" class=\"wp-block-spacer\"><\/div>\n\n\n\n<hr class=\"wp-block-separator has-alpha-channel-opacity\"\/>\n\n\n\n<p><strong>Clasificaci\u00f3n 31 Rallye Villa de Adeje 2022:<\/strong><br>1\u00ba Llarena-Fern\u00e1ndez (Skoda Fabia Rally2) 1:18:10.6<br>2\u00ba Cruz-M\u00fajica (Ford Fiesta R5 MKII) +15.8<br>3\u00ba L\u00f3pez-Rozada (Hyundai i20N Rally2) +47.0<br>4\u00ba Cach\u00f3n-L\u00f3pez (Citro\u00ebn C3 Rally2) +58.1<br>5\u00ba Pern\u00eda-S\u00e1nchez (Hyundai i20N Rally2) +1:50.3<\/p>\n\n\n\n<hr class=\"wp-block-separator has-alpha-channel-opacity\"\/>\n","protected":false},"excerpt":{"rendered":"<p>FOTOS RALLYE VILLA DE ADEJE Los actuales campeones de Europa, Efr\u00e9n Llarena y Sara Fern\u00e1ndez, con un Skoda Fabia Rally2, consegu\u00edan la victoria en el 31 Rallye Villa de Adeje. Los locales Enrique Cruz y Yeray M\u00fajica, con un Ford Fiesta R5, terminaban a 15.8 segundos tras intentar en vano mantener la primera posici\u00f3n y [&hellip;]<\/p>\n","protected":false},"author":1,"featured_media":0,"comment_status":"closed","ping_status":"closed","sticky":false,"template":"","format":"standard","meta":{"footnotes":""},"categories":[256,141,238,18,120,163,162,5,97,4,210,184],"tags":[],"class_list":["post-4331","post","type-post","status-publish","format-standard","hentry","category-256","category-ares","category-cachon","category-canarias","category-cruz","category-llarena","category-lopez","category-nacional","category-pernia","category-rallyes","category-supercer","category-tenerife"],"_links":{"self":[{"href":"https:\/\/www.mfoto.es\/noticias\/index.php?rest_route=\/wp\/v2\/posts\/4331","targetHints":{"allow":["GET"]}}],"collection":[{"href":"https:\/\/www.mfoto.es\/noticias\/index.php?rest_route=\/wp\/v2\/posts"}],"about":[{"href":"https:\/\/www.mfoto.es\/noticias\/index.php?rest_route=\/wp\/v2\/types\/post"}],"author":[{"embeddable":true,"href":"https:\/\/www.mfoto.es\/noticias\/index.php?rest_route=\/wp\/v2\/users\/1"}],"replies":[{"embeddable":true,"href":"https:\/\/www.mfoto.es\/noticias\/index.php?rest_route=%2Fwp%2Fv2%2Fcomments&post=4331"}],"version-history":[{"count":6,"href":"https:\/\/www.mfoto.es\/noticias\/index.php?rest_route=\/wp\/v2\/posts\/4331\/revisions"}],"predecessor-version":[{"id":4340,"href":"https:\/\/www.mfoto.es\/noticias\/index.php?rest_route=\/wp\/v2\/posts\/4331\/revisions\/4340"}],"wp:attachment":[{"href":"https:\/\/www.mfoto.es\/noticias\/index.php?rest_route=%2Fwp%2Fv2%2Fmedia&parent=4331"}],"wp:term":[{"taxonomy":"category","embeddable":true,"href":"https:\/\/www.mfoto.es\/noticias\/index.php?rest_route=%2Fwp%2Fv2%2Fcategories&post=4331"},{"taxonomy":"post_tag","embeddable":true,"href":"https:\/\/www.mfoto.es\/noticias\/index.php?rest_route=%2Fwp%2Fv2%2Ftags&post=4331"}],"curies":[{"name":"wp","href":"https:\/\/api.w.org\/{rel}","templated":true}]}}