{"id":432,"date":"2010-08-15T13:32:07","date_gmt":"2010-08-15T12:32:07","guid":{"rendered":"http:\/\/www.mfoto.es\/2011\/?p=432"},"modified":"2010-08-15T13:32:07","modified_gmt":"2010-08-15T12:32:07","slug":"pedro-matador-se-lleva-la-victoria-en-el-rallysprint-de-reocin","status":"publish","type":"post","link":"https:\/\/www.mfoto.es\/noticias\/?p=432","title":{"rendered":"Pedro Matador se lleva la victoria en el Rallysprint de Reoc\u00edn"},"content":{"rendered":"<p><a href=\"https:\/\/www.mfoto.es\/noticias\/wp-content\/uploads_2012\/053_matador_reocin-1.jpg\"><\/a><img loading=\"lazy\" decoding=\"async\" class=\"alignleft\" src=\"https:\/\/www.mfoto.es\/logos\/foto.gif\" alt=\"\" width=\"50\" height=\"36\" \/><\/p>\n<p><a href=\"https:\/\/www.mfoto.es\/fotos\/2010\/36_reocin\/index.html\">VER FOTOS DEL RALLYSPRINT DE REOC\u00cdN<\/a><\/p>\n<p><img loading=\"lazy\" decoding=\"async\" title=\"053_matador_reocin\" src=\"https:\/\/www.mfoto.es\/noticias\/wp-content\/uploads_2012\/053_matador_reocin-1.jpg\" alt=\"\" width=\"450\" height=\"300\" \/><\/p>\n<p>El piloto c\u00e1ntabro Pedro Matador (Mitsubishi EVO VIII) se llev\u00f3 la victoria en el Rallysprint de Reoc\u00edn, por delante del asturiano Jes\u00fas Fern\u00e1ndez (Subaru Impreza WRC) a 13 segundos y del vasco Xabier Lujua (Mitsubishi EVO X) a 24,7 segundos.<\/p>\n<p>La prueba puntuaba para la VI Copa Traseras de Euskadi, en la Txus Jaio encabezaba la clasificaci\u00f3n, seguido de Aingeru Castro y de Kike P\u00e9rez, todos con veh\u00edculos BMW.<\/p>\n<p>Hasta Reoc\u00edn se desplazaron muchos pilotos vascos, que hicieron un buen papel, clasific\u00e1ndose 6 de ellos entre los 11 primeros de la clasificaci\u00f3n general.<\/p>\n<p>CLASIFICACI\u00d3N:<\/p>\n<p>1\u00ba Matador-Fern\u00e1ndez (Mitsubishi Evo VIII)\u00a0 12:31.900<br \/>\n2\u00ba Fern\u00e1ndez-Belzunces (Subaru Impreza WRC)\u00a0 a 00:13.120<br \/>\n3\u00ba Lujua-Estrada (Mitsubishi Evo X) a 00:24.790<br \/>\n4\u00ba Jaio-Ibarlucea (BMW 320) a 00:43.770<br \/>\n5\u00ba Hern\u00e1ndez-Fern\u00e1ndez (Renault Clio Sport) a 00:53.090<br \/>\n6\u00ba Castro-Castro (BMW M3) a 00:59.180<br \/>\n7\u00ba Cabo-L\u00f3pez (Renault Megane) a 00:59.610<br \/>\n8\u00ba Garc\u00eda-Rodr\u00edguez (Ford Escort MKII) a 01:07.390<br \/>\n9\u00ba L\u00f3pez-Zatika (Subaru Impreza) a 01:07.420<br \/>\n10\u00ba Garai-Bergara (Renault Clio Sport) a 01:15.310<\/p>\n","protected":false},"excerpt":{"rendered":"<p>VER FOTOS DEL RALLYSPRINT DE REOC\u00cdN El piloto c\u00e1ntabro Pedro Matador (Mitsubishi EVO VIII) se llev\u00f3 la victoria en el Rallysprint de Reoc\u00edn, por delante del asturiano Jes\u00fas Fern\u00e1ndez (Subaru Impreza WRC) a 13 segundos y del vasco Xabier Lujua (Mitsubishi EVO X) a 24,7 segundos. La prueba puntuaba para la VI Copa Traseras de [&hellip;]<\/p>\n","protected":false},"author":1,"featured_media":0,"comment_status":"closed","ping_status":"closed","sticky":false,"template":"","format":"standard","meta":{"footnotes":""},"categories":[10,54,4],"tags":[],"class_list":["post-432","post","type-post","status-publish","format-standard","hentry","category-cantabria","category-lujua","category-rallyes"],"_links":{"self":[{"href":"https:\/\/www.mfoto.es\/noticias\/index.php?rest_route=\/wp\/v2\/posts\/432","targetHints":{"allow":["GET"]}}],"collection":[{"href":"https:\/\/www.mfoto.es\/noticias\/index.php?rest_route=\/wp\/v2\/posts"}],"about":[{"href":"https:\/\/www.mfoto.es\/noticias\/index.php?rest_route=\/wp\/v2\/types\/post"}],"author":[{"embeddable":true,"href":"https:\/\/www.mfoto.es\/noticias\/index.php?rest_route=\/wp\/v2\/users\/1"}],"replies":[{"embeddable":true,"href":"https:\/\/www.mfoto.es\/noticias\/index.php?rest_route=%2Fwp%2Fv2%2Fcomments&post=432"}],"version-history":[{"count":0,"href":"https:\/\/www.mfoto.es\/noticias\/index.php?rest_route=\/wp\/v2\/posts\/432\/revisions"}],"wp:attachment":[{"href":"https:\/\/www.mfoto.es\/noticias\/index.php?rest_route=%2Fwp%2Fv2%2Fmedia&parent=432"}],"wp:term":[{"taxonomy":"category","embeddable":true,"href":"https:\/\/www.mfoto.es\/noticias\/index.php?rest_route=%2Fwp%2Fv2%2Fcategories&post=432"},{"taxonomy":"post_tag","embeddable":true,"href":"https:\/\/www.mfoto.es\/noticias\/index.php?rest_route=%2Fwp%2Fv2%2Ftags&post=432"}],"curies":[{"name":"wp","href":"https:\/\/api.w.org\/{rel}","templated":true}]}}