{"id":4304,"date":"2022-10-24T18:39:34","date_gmt":"2022-10-24T17:39:34","guid":{"rendered":"https:\/\/www.mfoto.es\/noticias\/?p=4304"},"modified":"2022-10-26T09:46:35","modified_gmt":"2022-10-26T08:46:35","slug":"ogier-y-toyota-se-imponen-en-el-rallyracc-catalunya","status":"publish","type":"post","link":"https:\/\/www.mfoto.es\/noticias\/?p=4304","title":{"rendered":"Ogier y Toyota se imponen en el RallyRACC Catalunya"},"content":{"rendered":"\n<p><img loading=\"lazy\" decoding=\"async\" class=\"alignleft\" src=\"http:\/\/www.mfoto.es\/logos\/foto.gif\" alt=\"\" width=\"50\" height=\"36\"><\/p>\n<p><strong><a href=\"https:\/\/www.mfoto.es\/fotos\/2022\/14_catalunya\/\">FOTOS RALLYRACC CATALUNYA<\/a><\/strong><\/p>\n\n<div id=\"attachment_4315\" style=\"width: 460px\" class=\"wp-caption alignnone\"><img loading=\"lazy\" decoding=\"async\" aria-describedby=\"caption-attachment-4315\" class=\"wp-image-4315 size-full\" src=\"https:\/\/www.mfoto.es\/noticias\/wpcontent\/uploads_2012\/331_ogier_catalunya.jpg\" alt=\"\" width=\"450\" height=\"300\" srcset=\"https:\/\/www.mfoto.es\/noticias\/wp-content\/uploads_2012\/331_ogier_catalunya.jpg 450w, https:\/\/www.mfoto.es\/noticias\/wp-content\/uploads_2012\/331_ogier_catalunya-300x200.jpg 300w\" sizes=\"auto, (max-width: 450px) 100vw, 450px\" \/><p id=\"caption-attachment-4315\" class=\"wp-caption-text\">Victoria para Ogier y Veillas en el RallyRACC &#8211; Foto: Rodrigo Hidalgo<\/p><\/div>\n\n\n\n<p>Los franceses S\u00e9bastien Ogier y Benjamin Veillas con Toyota GR Yaris se impon\u00edan en el 57 RallyRacc Catalunya-Costa Daurada, por delante de los belgas Thierry Neuville y Martijn Wydaeghe con Hyundai i20N y de los finlandeses Kalle Rovanper\u00e4 y Jonne Halttunen, actuales campeones con Toyota GR Yaris. Los espa\u00f1oles Dani Sordo y C\u00e1ndido Carrera terminaban en quinta posici\u00f3n con un Hyundai i20N.<\/p>\n\n\n\n<p>La prueba tambi\u00e9n era puntuable para el European Rally Championship, terminaba con victoria de los franceses Yoann Bonato y Benjamin Boulloud con un Citro\u00ebn C3 Rally2 por delante de los actuales campeones Efr\u00e9n Llarena y Sara Fern\u00e1ndez y de Javier Pardo y Adri\u00e1n P\u00e9rez que consegu\u00edan la segunda posici\u00f3n final del ERC 2022.<\/p>\n\n\n\n<p>En la categor\u00eda ERC4, victoria para los franceses Laurent Pellier y Marine Pelamourgues con Opel Corsa Rally4 y la cuarta plaza final de Oscar Palomo y Angel Vela con el Peugeot 208, les daba el t\u00edtulo de la categor\u00eda ERC4.<\/p>\n\n\n\n<p>El equipo Suzuki Motor Ib\u00e9rica repet\u00eda el triunfo de la pasada temporada y Joan Vinyes y Jordi Mercader consegu\u00edan el t\u00edtulo ERC Open con el Suzuki Swift R4lly S.<\/p>\n\n\n\n<p>En las copas puntuaba s\u00f3lo la etapa del viernes, Sergi Francol\u00ed y Mar\u00eda Salvo terminaban en primera posici\u00f3n en la Toyota Gazoo Racing Iberian Cup y en la Peugeot Rally Cup Ib\u00e9rica la victoria era para Oscar Palomo y Angel Vela, pero el segundo puesto de Diego Ruiloba y Andr\u00e9s Blanco les coronaba como campeones de la Copa Peugeot.<\/p>\n\n\n\n<p>En la Copa Suzuki, victoria para Juan Carlos Fern\u00e1ndez y Esther de la Torre y t\u00edtulo final para los asturianos Pepe Alvarez y Estefania Garc\u00eda a pesar de haberse retirado por un fuerte accidente.<\/p>\n\n\n\n<div style=\"height:20px\" aria-hidden=\"true\" class=\"wp-block-spacer\"><\/div>\n\n\n\n<hr class=\"wp-block-separator has-alpha-channel-opacity\"\/>\n\n\n\n<p><strong>Clasificaciones 57 RallyRACC Catalunya:<\/strong><\/p>\n\n\n\n<p><strong>WRC:<\/strong><br>1\u00ba Ogier-Veillas (Toyota GR Yaris Rally1) 2:44:43.9<br>2\u00ba Neuville-Wydaeghe (Hyundai i20N Rally1) +16.4<br>3\u00ba Rovanper\u00e4-Halttunen (Toyota GR Yaris Rally1) +34.5<br>4\u00ba T\u00e4nak-J\u00e4rveoja (Hyundai i20N Rally1) +44.0<br>5\u00ba Sordo-Carrera (Hyundai i20N Rally1) +1:21.5<\/p>\n\n\n\n<p><strong>ERC:<\/strong><br>1\u00ba Bonato-Boulloud (Citro\u00ebn C3 Rally2) 1:56:20.0<br>2\u00ba Llarena-Fern\u00e1ndez (Skoda Fabia Evo) +13.8<br>3\u00ba Pardo-P\u00e9rez (Skoda Fabia Evo) +2:30.4<br>4\u00ba Pons-Haro (Skoda Fabia Evo) +3:43.4<br>5\u00ba L\u00e1szl\u00f3-Berendi (Skoda Fabia Evo) +4:18.5<\/p>\n\n\n\n<hr class=\"wp-block-separator has-alpha-channel-opacity\"\/>\n","protected":false},"excerpt":{"rendered":"<p>FOTOS RALLYRACC CATALUNYA Los franceses S\u00e9bastien Ogier y Benjamin Veillas con Toyota GR Yaris se impon\u00edan en el 57 RallyRacc Catalunya-Costa Daurada, por delante de los belgas Thierry Neuville y Martijn Wydaeghe con Hyundai i20N y de los finlandeses Kalle Rovanper\u00e4 y Jonne Halttunen, actuales campeones con Toyota GR Yaris. Los espa\u00f1oles Dani Sordo y [&hellip;]<\/p>\n","protected":false},"author":1,"featured_media":0,"comment_status":"closed","ping_status":"closed","sticky":false,"template":"","format":"standard","meta":{"footnotes":""},"categories":[256,272,241,85,92,261,258,234,163,114,87,248,187,197,99,268,4,203,271,105,180,72,25],"tags":[],"class_list":["post-4304","post","type-post","status-publish","format-standard","hentry","category-256","category-alvarez","category-bonato","category-catalunya","category-erc","category-erc4","category-erc4_junior","category-francoli","category-llarena","category-neuville","category-ogier","category-palomo","category-pardo","category-peugeot-rally-cup-iberica","category-pons","category-rally-team-spain","category-rallyes","category-rovanpera","category-ruiloba","category-sordo","category-tanak","category-vinyes","category-wrc"],"_links":{"self":[{"href":"https:\/\/www.mfoto.es\/noticias\/index.php?rest_route=\/wp\/v2\/posts\/4304","targetHints":{"allow":["GET"]}}],"collection":[{"href":"https:\/\/www.mfoto.es\/noticias\/index.php?rest_route=\/wp\/v2\/posts"}],"about":[{"href":"https:\/\/www.mfoto.es\/noticias\/index.php?rest_route=\/wp\/v2\/types\/post"}],"author":[{"embeddable":true,"href":"https:\/\/www.mfoto.es\/noticias\/index.php?rest_route=\/wp\/v2\/users\/1"}],"replies":[{"embeddable":true,"href":"https:\/\/www.mfoto.es\/noticias\/index.php?rest_route=%2Fwp%2Fv2%2Fcomments&post=4304"}],"version-history":[{"count":9,"href":"https:\/\/www.mfoto.es\/noticias\/index.php?rest_route=\/wp\/v2\/posts\/4304\/revisions"}],"predecessor-version":[{"id":4321,"href":"https:\/\/www.mfoto.es\/noticias\/index.php?rest_route=\/wp\/v2\/posts\/4304\/revisions\/4321"}],"wp:attachment":[{"href":"https:\/\/www.mfoto.es\/noticias\/index.php?rest_route=%2Fwp%2Fv2%2Fmedia&parent=4304"}],"wp:term":[{"taxonomy":"category","embeddable":true,"href":"https:\/\/www.mfoto.es\/noticias\/index.php?rest_route=%2Fwp%2Fv2%2Fcategories&post=4304"},{"taxonomy":"post_tag","embeddable":true,"href":"https:\/\/www.mfoto.es\/noticias\/index.php?rest_route=%2Fwp%2Fv2%2Ftags&post=4304"}],"curies":[{"name":"wp","href":"https:\/\/api.w.org\/{rel}","templated":true}]}}