{"id":4270,"date":"2022-09-19T10:00:31","date_gmt":"2022-09-19T09:00:31","guid":{"rendered":"https:\/\/www.mfoto.es\/noticias\/?p=4270"},"modified":"2022-09-19T10:02:13","modified_gmt":"2022-09-19T09:02:13","slug":"victoria-de-enrique-cruz-y-yeray-mujica-en-el-rallye-la-palma-isla-bonita","status":"publish","type":"post","link":"https:\/\/www.mfoto.es\/noticias\/?p=4270","title":{"rendered":"Victoria de Enrique Cruz y Yeray Mujica en el Rallye La Palma Isla Bonita"},"content":{"rendered":"\n<p><img loading=\"lazy\" decoding=\"async\" class=\"alignleft\" src=\"http:\/\/www.mfoto.es\/logos\/foto.gif\" alt=\"\" width=\"50\" height=\"36\"><\/p>\n<p><strong><a href=\"https:\/\/www.mfoto.es\/fotos\/2022\/11_isla_bonita\/\">FOTOS RALLYE LA PALMA ISLA BONITA<\/a><\/strong><\/p>\n\n<div id=\"attachment_4271\" style=\"width: 460px\" class=\"wp-caption alignnone\"><img loading=\"lazy\" decoding=\"async\" aria-describedby=\"caption-attachment-4271\" class=\"wp-image-4271 size-full\" src=\"https:\/\/www.mfoto.es\/noticias\/wpcontent\/uploads_2012\/328_cruz_isla_bonita.jpg\" alt=\"\" width=\"450\" height=\"300\" srcset=\"https:\/\/www.mfoto.es\/noticias\/wp-content\/uploads_2012\/328_cruz_isla_bonita.jpg 450w, https:\/\/www.mfoto.es\/noticias\/wp-content\/uploads_2012\/328_cruz_isla_bonita-300x200.jpg 300w\" sizes=\"auto, (max-width: 450px) 100vw, 450px\" \/><p id=\"caption-attachment-4271\" class=\"wp-caption-text\">Cruz y Mujica ganaban el 47 Rallye La Palma Isla Bonita<\/p><\/div>\n\n\n\n<p>Enrique Cruz y Yeray Mujica, con su Ford Fiesta R5 MKII, se han impuesto en el 47 Rallye La Palma Isla Bonita tras una intensa pelea con el equipo local formado por Miguel Su\u00e1rez y Eduardo Gonz\u00e1lez a bordo de un Citro\u00ebn C3 Rally2.<\/p>\n\n\n\n<p>Miguel Su\u00e1rez comet\u00eda un error en el pen\u00faltimo tramo y da\u00f1aba el puente trasero del Citro\u00ebn C3 Rally2, consiguiendo terminar la prueba a algo m\u00e1s de dos minutos y conservar la segunda plaza.<\/p>\n\n\n\n<p>La tercera plaza del podio era para V\u00edctor Abreu y Luis Rodr\u00edguez con un Skoda Fabia R5 despu\u00e9s de recuperar un minuto de penalizaci\u00f3n en un control horario y superar finalmente al Suzuki Swift N5 de Manuel Mesa y Ariday Bonilla.<\/p>\n\n\n\n<p>Carlos David Garc\u00eda y Nazer Ghuneim acababan en la quinta posici\u00f3n scracht con su Citro\u00ebn DS3 R3T y lideraban la clasificaci\u00f3n de dos ruedas motrices.<\/p>\n\n\n\n<p>Ra\u00fal Hern\u00e1ndez y Rodrigo Sanju\u00e1n con su Peugeot 208 Rally4 se impon\u00edan en la DISA Orvecame Rallye Cup, segundos eran Javier Ca\u00f1ada y Alejandro Rodr\u00edguez con Opel Corsa Rally4 a 23.4 segundos y la tercera posici\u00f3n fue para Fernando Cruz y Tecorice Hern\u00e1ndez con Peugeot 208 Rally4 a 1:43.9.<\/p>\n\n\n\n<p>En Regularidad Sport, la victoria era para Ricardo Alonso y Ezequiel de la Paz con un Ford Escort MK I.<\/p>\n\n\n\n<p>La siguiente prueba del Campeonato de Canarias de Rallyes ser\u00e1 el Rallye Isla de Tenerife los d\u00edas 21 y 22 de Octubre.<\/p>\n\n\n\n<div style=\"height:20px\" aria-hidden=\"true\" class=\"wp-block-spacer\"><\/div>\n\n\n\n<hr class=\"wp-block-separator has-alpha-channel-opacity\"\/>\n\n\n\n<p><strong>Clasificaci\u00f3n 47 Rallye La Palma Isla Bonita 2022<\/strong><br>1\u00ba Cruz-Mujica (Ford Fiesta Rally2) 1:01:37.1<br>2\u00ba Su\u00e1rez-Gonz\u00e1lez (Citro\u00ebn C3 Rally2) +2:04.5<br>3\u00ba Abreu-Rodr\u00edguez (Skoda Fabia R5) +3:44.7<br>4\u00ba Mesa-Bonilla (Sizuki Swift N5) +4:09.9<br>5\u00ba Garc\u00eda-Ghuneim (Citro\u00ebn DS3 R3T) +4:49.9<\/p>\n\n\n\n<hr class=\"wp-block-separator has-alpha-channel-opacity\"\/>\n","protected":false},"excerpt":{"rendered":"<p>FOTOS RALLYE LA PALMA ISLA BONITA Enrique Cruz y Yeray Mujica, con su Ford Fiesta R5 MKII, se han impuesto en el 47 Rallye La Palma Isla Bonita tras una intensa pelea con el equipo local formado por Miguel Su\u00e1rez y Eduardo Gonz\u00e1lez a bordo de un Citro\u00ebn C3 Rally2. Miguel Su\u00e1rez comet\u00eda un error [&hellip;]<\/p>\n","protected":false},"author":1,"featured_media":0,"comment_status":"closed","ping_status":"closed","sticky":false,"template":"","format":"standard","meta":{"footnotes":""},"categories":[256,18,120,269,270,4,115],"tags":[],"class_list":["post-4270","post","type-post","status-publish","format-standard","hentry","category-256","category-canarias","category-cruz","category-disa-orvecame-rallye-cup","category-la-palma","category-rallyes","category-suarez"],"_links":{"self":[{"href":"https:\/\/www.mfoto.es\/noticias\/index.php?rest_route=\/wp\/v2\/posts\/4270","targetHints":{"allow":["GET"]}}],"collection":[{"href":"https:\/\/www.mfoto.es\/noticias\/index.php?rest_route=\/wp\/v2\/posts"}],"about":[{"href":"https:\/\/www.mfoto.es\/noticias\/index.php?rest_route=\/wp\/v2\/types\/post"}],"author":[{"embeddable":true,"href":"https:\/\/www.mfoto.es\/noticias\/index.php?rest_route=\/wp\/v2\/users\/1"}],"replies":[{"embeddable":true,"href":"https:\/\/www.mfoto.es\/noticias\/index.php?rest_route=%2Fwp%2Fv2%2Fcomments&post=4270"}],"version-history":[{"count":5,"href":"https:\/\/www.mfoto.es\/noticias\/index.php?rest_route=\/wp\/v2\/posts\/4270\/revisions"}],"predecessor-version":[{"id":4276,"href":"https:\/\/www.mfoto.es\/noticias\/index.php?rest_route=\/wp\/v2\/posts\/4270\/revisions\/4276"}],"wp:attachment":[{"href":"https:\/\/www.mfoto.es\/noticias\/index.php?rest_route=%2Fwp%2Fv2%2Fmedia&parent=4270"}],"wp:term":[{"taxonomy":"category","embeddable":true,"href":"https:\/\/www.mfoto.es\/noticias\/index.php?rest_route=%2Fwp%2Fv2%2Fcategories&post=4270"},{"taxonomy":"post_tag","embeddable":true,"href":"https:\/\/www.mfoto.es\/noticias\/index.php?rest_route=%2Fwp%2Fv2%2Ftags&post=4270"}],"curies":[{"name":"wp","href":"https:\/\/api.w.org\/{rel}","templated":true}]}}