{"id":427,"date":"2010-08-08T15:32:15","date_gmt":"2010-08-08T14:32:15","guid":{"rendered":"http:\/\/www.mfoto.es\/2011\/?p=427"},"modified":"2010-08-08T15:32:15","modified_gmt":"2010-08-08T14:32:15","slug":"victoria-de-peterhansel-en-la-baja-espana-aragon","status":"publish","type":"post","link":"https:\/\/www.mfoto.es\/noticias\/?p=427","title":{"rendered":"Victoria de Peterhansel en la Baja Espa\u00f1a Arag\u00f3n"},"content":{"rendered":"<p><img loading=\"lazy\" decoding=\"async\" class=\"alignleft\" src=\"https:\/\/www.mfoto.es\/logos\/foto.gif\" alt=\"\" width=\"50\" height=\"36\" \/><\/p>\n<p><a href=\"https:\/\/www.mfoto.es\/fotos\/2010\/35_baja\/index.html\">VER FOTOS DE LA BAJA ESPA\u00d1A ARAG\u00d3N<\/a><\/p>\n<p><img loading=\"lazy\" decoding=\"async\" class=\"alignnone size-full wp-image-428\" title=\"052_peterhansel_baja\" src=\"https:\/\/www.mfoto.es\/noticias\/wp-content\/uploads_2012\/052_peterhansel_baja.jpg\" alt=\"\" width=\"450\" height=\"299\" srcset=\"https:\/\/www.mfoto.es\/noticias\/wp-content\/uploads_2012\/052_peterhansel_baja.jpg 450w, https:\/\/www.mfoto.es\/noticias\/wp-content\/uploads_2012\/052_peterhansel_baja-300x199.jpg 300w\" sizes=\"auto, (max-width: 450px) 100vw, 450px\" \/><\/p>\n<p>El franc\u00e9s St\u00e9phane Peterhansel repiti\u00f3 su victoria del 2007 en la Baja Espa\u00f1a Arag\u00f3n con el BMW X3.<br \/>\nLa segunda plaza fue para el ruso Leonid Novitskiy, con otro BMW X3 y el polaco Krzysztof Holowczyc, con un Nissan Navara, completaba el podium.<\/p>\n<p>CLASIFICACI\u00d3N:<\/p>\n<p>1\u00ba Peterhansel-Cottret (BMW X3) 7:12:21<br \/>\n2\u00ba Novitskiy-Schulz (BMW X3) a 16:00<br \/>\n3\u00ba Holowczyc-Fortin (Nissan Navara) a 17:10<br \/>\n4\u00ba Wevers-Verhoef (Mitsubishi Racing Lancer) a 22:35<br \/>\n5\u00ba Climent-Ranero (Toyota Proto) a 47:34<br \/>\n6\u00ba Roma-Maimon (Mitsubishi Racing Lancer) a 48:24<\/p>\n","protected":false},"excerpt":{"rendered":"<p>VER FOTOS DE LA BAJA ESPA\u00d1A ARAG\u00d3N El franc\u00e9s St\u00e9phane Peterhansel repiti\u00f3 su victoria del 2007 en la Baja Espa\u00f1a Arag\u00f3n con el BMW X3. La segunda plaza fue para el ruso Leonid Novitskiy, con otro BMW X3 y el polaco Krzysztof Holowczyc, con un Nissan Navara, completaba el podium. CLASIFICACI\u00d3N: 1\u00ba Peterhansel-Cottret (BMW X3) [&hellip;]<\/p>\n","protected":false},"author":1,"featured_media":0,"comment_status":"closed","ping_status":"closed","sticky":false,"template":"","format":"standard","meta":{"footnotes":""},"categories":[170,4,168],"tags":[],"class_list":["post-427","post","type-post","status-publish","format-standard","hentry","category-aragon","category-rallyes","category-todoterreno"],"_links":{"self":[{"href":"https:\/\/www.mfoto.es\/noticias\/index.php?rest_route=\/wp\/v2\/posts\/427","targetHints":{"allow":["GET"]}}],"collection":[{"href":"https:\/\/www.mfoto.es\/noticias\/index.php?rest_route=\/wp\/v2\/posts"}],"about":[{"href":"https:\/\/www.mfoto.es\/noticias\/index.php?rest_route=\/wp\/v2\/types\/post"}],"author":[{"embeddable":true,"href":"https:\/\/www.mfoto.es\/noticias\/index.php?rest_route=\/wp\/v2\/users\/1"}],"replies":[{"embeddable":true,"href":"https:\/\/www.mfoto.es\/noticias\/index.php?rest_route=%2Fwp%2Fv2%2Fcomments&post=427"}],"version-history":[{"count":0,"href":"https:\/\/www.mfoto.es\/noticias\/index.php?rest_route=\/wp\/v2\/posts\/427\/revisions"}],"wp:attachment":[{"href":"https:\/\/www.mfoto.es\/noticias\/index.php?rest_route=%2Fwp%2Fv2%2Fmedia&parent=427"}],"wp:term":[{"taxonomy":"category","embeddable":true,"href":"https:\/\/www.mfoto.es\/noticias\/index.php?rest_route=%2Fwp%2Fv2%2Fcategories&post=427"},{"taxonomy":"post_tag","embeddable":true,"href":"https:\/\/www.mfoto.es\/noticias\/index.php?rest_route=%2Fwp%2Fv2%2Ftags&post=427"}],"curies":[{"name":"wp","href":"https:\/\/api.w.org\/{rel}","templated":true}]}}