{"id":4232,"date":"2022-08-07T16:57:36","date_gmt":"2022-08-07T15:57:36","guid":{"rendered":"https:\/\/www.mfoto.es\/noticias\/?p=4232"},"modified":"2022-08-08T15:28:33","modified_gmt":"2022-08-08T14:28:33","slug":"efren-llarena-y-sara-fernandez-ganan-el-rallye-cristian-lopez","status":"publish","type":"post","link":"https:\/\/www.mfoto.es\/noticias\/?p=4232","title":{"rendered":"Efr\u00e9n Llarena y Sara Fern\u00e1ndez ganan el Rallye Cristian L\u00f3pez"},"content":{"rendered":"\n<p><img loading=\"lazy\" decoding=\"async\" class=\"alignleft\" src=\"http:\/\/www.mfoto.es\/logos\/foto.gif\" alt=\"\" width=\"50\" height=\"36\"><\/p>\n<p><strong><a href=\"https:\/\/www.mfoto.es\/fotos\/2022\/07_cristian_lopez\/\">FOTOS RALLYE CRISTIAN LOPEZ<\/a><\/strong><\/p>\n\n<div id=\"attachment_4233\" style=\"width: 460px\" class=\"wp-caption alignnone\"><img loading=\"lazy\" decoding=\"async\" aria-describedby=\"caption-attachment-4233\" class=\"wp-image-4233 size-full\" src=\"https:\/\/www.mfoto.es\/noticias\/wpcontent\/uploads_2012\/324_llarena_cristian_lopez.jpg\" alt=\"\" width=\"450\" height=\"300\" srcset=\"https:\/\/www.mfoto.es\/noticias\/wp-content\/uploads_2012\/324_llarena_cristian_lopez.jpg 450w, https:\/\/www.mfoto.es\/noticias\/wp-content\/uploads_2012\/324_llarena_cristian_lopez-300x200.jpg 300w\" sizes=\"auto, (max-width: 450px) 100vw, 450px\" \/><p id=\"caption-attachment-4233\" class=\"wp-caption-text\">LLarena y Fern\u00e1ndez ganaban el Rallye Cristian L\u00f3pez<\/p><\/div>\n\n\n\n<p>Dominando la clasificaci\u00f3n desde el primer tramo, Efr\u00e9n Llarena y Sara Fern\u00e1ndez ganaban el Rallye Cristian L\u00f3pez con el Skoda Fabia Rally2. La segunda plaza era para Daniel Pe\u00f1a y Ra\u00fal P\u00e9rez y la tercera para Oscar Palacio y Alberto Iglesias, ambos a m\u00e1s de dos minutos, con sendos Ford Fiesta R5.<\/p>\n\n\n\n<p>La prueba era puntuable para la Copa de Espa\u00f1a de Rallyes de Asfalto (CERA Recalvi).<\/p>\n\n\n\n<p>Llarena y Fern\u00e1ndez se planteaban este rallye como un test de cara al Barum Czech Rally Zl\u00edn, que se disputar\u00e1 en la Rep\u00fablica Checa a finales de mes y en el que pueden dejar sentenciado el Campeonato de Europa.<\/p>\n\n\n\n<p>En la jornada del s\u00e1bado se produc\u00edan los abandonos de V\u00edctor Senra y Alejandro L\u00f3pez y de Luis Vilari\u00f1o y Javier Mart\u00ednez por fuertes salidas de carretera, afortunadamente sin consecuencias para ellos.<\/p>\n\n\n\n<p>El Trofeo de Dos Ruedas Motrices y el Trofeo de Pilotos J\u00fanior lo ganaban Oscar Palomo e Ignacio Avi\u00f1\u00f3 con un Peugeot 208 Rally4 y en el Clio Trophy Spain la victoria iba a parar a manos de Unai de la Dehesa y Alain Pe\u00f1a con el Renault Clio Rally5, que tambi\u00e9n lideraban la clasificaci\u00f3n de la Beka U24.<\/p>\n\n\n\n<p>La pr\u00f3xima prueba de la Copa de Espa\u00f1a de Rallyes de Asfalto, ser\u00e1 el Rallye de Ferrol los d\u00edas 19 y 20 de Agosto.<\/p>\n\n\n\n<div style=\"height:20px\" aria-hidden=\"true\" class=\"wp-block-spacer\"><\/div>\n\n\n\n<hr class=\"wp-block-separator has-alpha-channel-opacity\"\/>\n\n\n\n<p><strong>Clasificaci\u00f3n XV Rallye Blendio Cristian L\u00f3pez 2022:<\/strong><br>1\u00ba Llarena-Fern\u00e1ndez (Skoda Fabia Rally2) 1:14:18.5<br>2\u00ba Pe\u00f1a-P\u00e9rez (Ford Fiesta R5) +2:14.6<br>3\u00ba Palacio-Iglesias (Ford Fiesta R5) +2:20.5<br>4\u00ba Dorado-Murado (VW Polo GTi R5) +2:39.8<br>5\u00ba P\u00e9rez-Vera (Skoda Fabia R5) +2:42.6<\/p>\n\n\n\n<hr class=\"wp-block-separator has-alpha-channel-opacity\"\/>\n","protected":false},"excerpt":{"rendered":"<p>FOTOS RALLYE CRISTIAN LOPEZ Dominando la clasificaci\u00f3n desde el primer tramo, Efr\u00e9n Llarena y Sara Fern\u00e1ndez ganaban el Rallye Cristian L\u00f3pez con el Skoda Fabia Rally2. La segunda plaza era para Daniel Pe\u00f1a y Ra\u00fal P\u00e9rez y la tercera para Oscar Palacio y Alberto Iglesias, ambos a m\u00e1s de dos minutos, con sendos Ford Fiesta [&hellip;]<\/p>\n","protected":false},"author":1,"featured_media":0,"comment_status":"closed","ping_status":"closed","sticky":false,"template":"","format":"standard","meta":{"footnotes":""},"categories":[256,10,144,163,5,247,248,117,268,4,169],"tags":[],"class_list":["post-4232","post","type-post","status-publish","format-standard","hentry","category-256","category-cantabria","category-cera","category-llarena","category-nacional","category-palacio","category-palomo","category-pena","category-rally-team-spain","category-rallyes","category-vilarino"],"_links":{"self":[{"href":"https:\/\/www.mfoto.es\/noticias\/index.php?rest_route=\/wp\/v2\/posts\/4232","targetHints":{"allow":["GET"]}}],"collection":[{"href":"https:\/\/www.mfoto.es\/noticias\/index.php?rest_route=\/wp\/v2\/posts"}],"about":[{"href":"https:\/\/www.mfoto.es\/noticias\/index.php?rest_route=\/wp\/v2\/types\/post"}],"author":[{"embeddable":true,"href":"https:\/\/www.mfoto.es\/noticias\/index.php?rest_route=\/wp\/v2\/users\/1"}],"replies":[{"embeddable":true,"href":"https:\/\/www.mfoto.es\/noticias\/index.php?rest_route=%2Fwp%2Fv2%2Fcomments&post=4232"}],"version-history":[{"count":3,"href":"https:\/\/www.mfoto.es\/noticias\/index.php?rest_route=\/wp\/v2\/posts\/4232\/revisions"}],"predecessor-version":[{"id":4238,"href":"https:\/\/www.mfoto.es\/noticias\/index.php?rest_route=\/wp\/v2\/posts\/4232\/revisions\/4238"}],"wp:attachment":[{"href":"https:\/\/www.mfoto.es\/noticias\/index.php?rest_route=%2Fwp%2Fv2%2Fmedia&parent=4232"}],"wp:term":[{"taxonomy":"category","embeddable":true,"href":"https:\/\/www.mfoto.es\/noticias\/index.php?rest_route=%2Fwp%2Fv2%2Fcategories&post=4232"},{"taxonomy":"post_tag","embeddable":true,"href":"https:\/\/www.mfoto.es\/noticias\/index.php?rest_route=%2Fwp%2Fv2%2Ftags&post=4232"}],"curies":[{"name":"wp","href":"https:\/\/api.w.org\/{rel}","templated":true}]}}