{"id":4201,"date":"2022-06-13T11:58:45","date_gmt":"2022-06-13T10:58:45","guid":{"rendered":"https:\/\/www.mfoto.es\/noticias\/?p=4201"},"modified":"2022-06-19T18:16:44","modified_gmt":"2022-06-19T17:16:44","slug":"victoria-para-oriol-gomez-y-jose-murado-en-leon","status":"publish","type":"post","link":"https:\/\/www.mfoto.es\/noticias\/?p=4201","title":{"rendered":"Victoria para Oriol G\u00f3mez y Jos\u00e9 Murado en Le\u00f3n"},"content":{"rendered":"\n<div id=\"attachment_4202\" style=\"width: 460px\" class=\"wp-caption aligncenter\"><img loading=\"lazy\" decoding=\"async\" aria-describedby=\"caption-attachment-4202\" class=\"wp-image-4202 size-full\" src=\"https:\/\/www.mfoto.es\/noticias\/wp-content\/uploads_2012\/320_oriol_leon.jpg\" alt=\"\" width=\"450\" height=\"300\" srcset=\"https:\/\/www.mfoto.es\/noticias\/wp-content\/uploads_2012\/320_oriol_leon.jpg 450w, https:\/\/www.mfoto.es\/noticias\/wp-content\/uploads_2012\/320_oriol_leon-300x200.jpg 300w\" sizes=\"auto, (max-width: 450px) 100vw, 450px\" \/><p id=\"caption-attachment-4202\" class=\"wp-caption-text\">Oriol G\u00f3mez y Jos\u00e9 Murado ganaban en Le\u00f3n con el VW Polo R5 &#8211; Foto: Pablo Gil<\/p><\/div>\n\n\n\n<p>El polvo que se form\u00f3 en el primer tramo de Cuadros del Rallye Reino de Le\u00f3n y el hecho de salir en primera posici\u00f3n, permiti\u00f3 que F\u00e9lix Mac\u00edas y Alejandro Portela, con Skoda Fabia R5, se colocasen en cabeza de la prueba con m\u00e1s de un minuto de ventaja y consegu\u00edan mantenerla durante los cuatro tramos de la ma\u00f1ana.<\/p>\n\n\n\n<p>Sin embargo en el primer tramo de la tarde volcaban, perd\u00edan la ventaja y a partir de ah\u00ed Oriol G\u00f3mez y Jos\u00e9 Murado, con el VW Polo R5, atacaban y se pon\u00edan en primera posici\u00f3n, que no dejar\u00edan hasta finalizar la prueba.<\/p>\n\n\n\n<p>Hay que recordar que Oriol G\u00f3mez fue Campe\u00f3n de Espa\u00f1a de Rallyes en 1994 con un Renault Clio Williams Gr.A y de eso hace ya 28 a\u00f1os.<\/p>\n\n\n\n<p>Por detr\u00e1s, a 26 segundos se clasificaban Alex Villanueva y Axel Coronado con un Citro\u00ebn C3 R5 y F\u00e9lix Mac\u00edas y Alejandro Portela terminaban finalmente terceros a 30.6 segundos con el Skoda Fabia R5.<\/p>\n\n\n\n<p>En las copas de promoci\u00f3n, Daniel Berdom\u00e1s y Brais Mir\u00f3n ganaban en la Toyota Gazoo Racing Iberian Cup, Aritz Iriondo y Joseba S\u00e1nchez con un Peugeot 208 encabezaban el Desaf\u00edo R2, Xes\u00fas Alfons\u00edn y Unai Conde con un Suzuki Swift el Desaf\u00edo N3, F\u00e9lix Blanco y V\u00edctor Carri\u00f3n con Peugeot 206 el Desaf\u00edo Proto y Unai Garc\u00eda y Eguzki\u00f1e Enr\u00edquez la Copa Kobe Motor con el Toyota Aygo.<\/p>\n\n\n\n<p>El campeonato pasa a estar liderado por los canarios Juan Carlos Quintana y Yeray Mujica, que terminaban en la sexta plaza en esta ocasi\u00f3n.<\/p>\n\n\n\n<p>La pr\u00f3xima prueba de la Copa de Espa\u00f1a de Rallyes de Tierra (CERT) ser\u00e1 el Rallye Tierra de Madrid los d\u00edas 8 y 9 de Octubre.<\/p>\n\n\n\n<div style=\"height:20px\" aria-hidden=\"true\" class=\"wp-block-spacer\"><\/div>\n\n\n\n<hr class=\"wp-block-separator has-alpha-channel-opacity\"\/>\n\n\n\n<p><strong>Clasificaci\u00f3n Rallye de Tierra Reino de Leon 2022:<\/strong><br>1\u00ba G\u00f3mez-Murado (VW Polo GTi R5) 1:00:22.7<br>2\u00ba Villanueva-Coronado (Citro\u00ebn C3 Rally2) +26.0<br>3\u00ba Mac\u00edas-Portela (Skoda Fabia R5) +30.6<br>4\u00ba Alonso-Vela (Citro\u00ebn C3 Rally2) +1:34.9<br>5\u00ba Zeballos-Gonz\u00e1lez (Skoda Fabia Rally2) +2:15.3<\/p>\n\n\n\n<hr class=\"wp-block-separator has-alpha-channel-opacity\"\/>\n","protected":false},"excerpt":{"rendered":"<p>El polvo que se form\u00f3 en el primer tramo de Cuadros del Rallye Reino de Le\u00f3n y el hecho de salir en primera posici\u00f3n, permiti\u00f3 que F\u00e9lix Mac\u00edas y Alejandro Portela, con Skoda Fabia R5, se colocasen en cabeza de la prueba con m\u00e1s de un minuto de ventaja y consegu\u00edan mantenerla durante los cuatro [&hellip;]<\/p>\n","protected":false},"author":1,"featured_media":0,"comment_status":"closed","ping_status":"closed","sticky":false,"template":"","format":"standard","meta":{"footnotes":""},"categories":[256,63,173,145,253,181,262,5,207,4,19,138,250],"tags":[],"class_list":["post-4201","post","type-post","status-publish","format-standard","hentry","category-256","category-alonso","category-castilla-leon","category-cert","category-gomez","category-iriondo","category-macias","category-nacional","category-quintana","category-rallyes","category-tierra","category-villanueva","category-zeballos"],"_links":{"self":[{"href":"https:\/\/www.mfoto.es\/noticias\/index.php?rest_route=\/wp\/v2\/posts\/4201","targetHints":{"allow":["GET"]}}],"collection":[{"href":"https:\/\/www.mfoto.es\/noticias\/index.php?rest_route=\/wp\/v2\/posts"}],"about":[{"href":"https:\/\/www.mfoto.es\/noticias\/index.php?rest_route=\/wp\/v2\/types\/post"}],"author":[{"embeddable":true,"href":"https:\/\/www.mfoto.es\/noticias\/index.php?rest_route=\/wp\/v2\/users\/1"}],"replies":[{"embeddable":true,"href":"https:\/\/www.mfoto.es\/noticias\/index.php?rest_route=%2Fwp%2Fv2%2Fcomments&post=4201"}],"version-history":[{"count":5,"href":"https:\/\/www.mfoto.es\/noticias\/index.php?rest_route=\/wp\/v2\/posts\/4201\/revisions"}],"predecessor-version":[{"id":4208,"href":"https:\/\/www.mfoto.es\/noticias\/index.php?rest_route=\/wp\/v2\/posts\/4201\/revisions\/4208"}],"wp:attachment":[{"href":"https:\/\/www.mfoto.es\/noticias\/index.php?rest_route=%2Fwp%2Fv2%2Fmedia&parent=4201"}],"wp:term":[{"taxonomy":"category","embeddable":true,"href":"https:\/\/www.mfoto.es\/noticias\/index.php?rest_route=%2Fwp%2Fv2%2Fcategories&post=4201"},{"taxonomy":"post_tag","embeddable":true,"href":"https:\/\/www.mfoto.es\/noticias\/index.php?rest_route=%2Fwp%2Fv2%2Ftags&post=4201"}],"curies":[{"name":"wp","href":"https:\/\/api.w.org\/{rel}","templated":true}]}}