{"id":4175,"date":"2022-05-09T14:30:53","date_gmt":"2022-05-09T13:30:53","guid":{"rendered":"https:\/\/www.mfoto.es\/noticias\/?p=4175"},"modified":"2022-05-09T15:28:43","modified_gmt":"2022-05-09T14:28:43","slug":"gran-exito-de-publico-en-el-rallye-festival-hoznayo","status":"publish","type":"post","link":"https:\/\/www.mfoto.es\/noticias\/?p=4175","title":{"rendered":"Gran \u00e9xito de p\u00fablico en el Rallye Festival Hoznayo"},"content":{"rendered":"\n<p><img loading=\"lazy\" decoding=\"async\" class=\"alignleft\" src=\"http:\/\/www.mfoto.es\/logos\/foto.gif\" alt=\"\" width=\"50\" height=\"36\"><\/p>\n<p><strong><a href=\"https:\/\/www.mfoto.es\/fotos\/2022\/03_hoznayo\/\">FOTOS RALLYE FESTIVAL HOZNAYO<\/a><\/strong><\/p>\n\n<div id=\"attachment_4176\" style=\"width: 460px\" class=\"wp-caption alignnone\"><img loading=\"lazy\" decoding=\"async\" aria-describedby=\"caption-attachment-4176\" class=\"wp-image-4176 size-full\" src=\"https:\/\/www.mfoto.es\/noticias\/wpcontent\/uploads_2012\/317_hoznayo.jpg\" alt=\"\" width=\"450\" height=\"300\" srcset=\"https:\/\/www.mfoto.es\/noticias\/wp-content\/uploads_2012\/317_hoznayo.jpg 450w, https:\/\/www.mfoto.es\/noticias\/wp-content\/uploads_2012\/317_hoznayo-300x200.jpg 300w\" sizes=\"auto, (max-width: 450px) 100vw, 450px\" \/><p id=\"caption-attachment-4176\" class=\"wp-caption-text\">Gran \u00e9xito de p\u00fablico en el Rallye Festival Hoznayo<\/p><\/div>\n\n\n\n<p>El pasado fin de semana se celebraba otra edici\u00f3n del Rallye Festival Hoznayo en Cantabria.<\/p>\n\n\n\n<p>Como siempre, ha habido una gran afluencia de p\u00fablico y una gran cantidad de inscritos que recorrieron los tramos de El Churi, Salcedo, La Monta\u00f1a, Villaverde de Pontones, San Antonio\u2013Llueva, Secadura\u2013Gama, Hermosa, G\u00fcemes y Pe\u00f1a Cabarga para terminar con el t\u00edpico pasillo humano en la llegada al Hotel Restaurante Adelma en Hoznayo.<\/p>\n\n\n\n<p>A destacar la presencia de Jari-Matti Latvala com un Toyota Celica GT-Four, Paolo Diana con el Fiat 131 Abarth y Marc Duez con un BMW Compact F2000 como pilotos estrella de esta edici\u00f3n.<\/p>\n\n\n\n<div style=\"height:20px\" aria-hidden=\"true\" class=\"wp-block-spacer\"><\/div>\n\n\n\n<figure class=\"wp-block-embed is-type-video is-provider-youtube wp-block-embed-youtube wp-embed-aspect-16-9 wp-has-aspect-ratio\"><div class=\"wp-block-embed__wrapper\">\n<iframe loading=\"lazy\" title=\"RALLYE FESTIVAL HOZNAYO 2022\" width=\"450\" height=\"253\" src=\"https:\/\/www.youtube.com\/embed\/Zg8ybfeR5kI?feature=oembed\" frameborder=\"0\" allow=\"accelerometer; autoplay; clipboard-write; encrypted-media; gyroscope; picture-in-picture; web-share\" referrerpolicy=\"strict-origin-when-cross-origin\" allowfullscreen><\/iframe>\n<\/div><\/figure>\n\n\n\n<div style=\"height:20px\" aria-hidden=\"true\" class=\"wp-block-spacer\"><\/div>\n\n\n\n<p><\/p>\n","protected":false},"excerpt":{"rendered":"<p>FOTOS RALLYE FESTIVAL HOZNAYO El pasado fin de semana se celebraba otra edici\u00f3n del Rallye Festival Hoznayo en Cantabria. Como siempre, ha habido una gran afluencia de p\u00fablico y una gran cantidad de inscritos que recorrieron los tramos de El Churi, Salcedo, La Monta\u00f1a, Villaverde de Pontones, San Antonio\u2013Llueva, Secadura\u2013Gama, Hermosa, G\u00fcemes y Pe\u00f1a Cabarga [&hellip;]<\/p>\n","protected":false},"author":1,"featured_media":0,"comment_status":"closed","ping_status":"closed","sticky":false,"template":"","format":"standard","meta":{"footnotes":""},"categories":[256,10,16,260,109,97,4],"tags":[],"class_list":["post-4175","post","type-post","status-publish","format-standard","hentry","category-256","category-cantabria","category-clasicos","category-hoznayo","category-latvala","category-pernia","category-rallyes"],"_links":{"self":[{"href":"https:\/\/www.mfoto.es\/noticias\/index.php?rest_route=\/wp\/v2\/posts\/4175","targetHints":{"allow":["GET"]}}],"collection":[{"href":"https:\/\/www.mfoto.es\/noticias\/index.php?rest_route=\/wp\/v2\/posts"}],"about":[{"href":"https:\/\/www.mfoto.es\/noticias\/index.php?rest_route=\/wp\/v2\/types\/post"}],"author":[{"embeddable":true,"href":"https:\/\/www.mfoto.es\/noticias\/index.php?rest_route=\/wp\/v2\/users\/1"}],"replies":[{"embeddable":true,"href":"https:\/\/www.mfoto.es\/noticias\/index.php?rest_route=%2Fwp%2Fv2%2Fcomments&post=4175"}],"version-history":[{"count":5,"href":"https:\/\/www.mfoto.es\/noticias\/index.php?rest_route=\/wp\/v2\/posts\/4175\/revisions"}],"predecessor-version":[{"id":4183,"href":"https:\/\/www.mfoto.es\/noticias\/index.php?rest_route=\/wp\/v2\/posts\/4175\/revisions\/4183"}],"wp:attachment":[{"href":"https:\/\/www.mfoto.es\/noticias\/index.php?rest_route=%2Fwp%2Fv2%2Fmedia&parent=4175"}],"wp:term":[{"taxonomy":"category","embeddable":true,"href":"https:\/\/www.mfoto.es\/noticias\/index.php?rest_route=%2Fwp%2Fv2%2Fcategories&post=4175"},{"taxonomy":"post_tag","embeddable":true,"href":"https:\/\/www.mfoto.es\/noticias\/index.php?rest_route=%2Fwp%2Fv2%2Ftags&post=4175"}],"curies":[{"name":"wp","href":"https:\/\/api.w.org\/{rel}","templated":true}]}}