{"id":4147,"date":"2022-03-08T16:21:14","date_gmt":"2022-03-08T15:21:14","guid":{"rendered":"https:\/\/www.mfoto.es\/noticias\/?p=4147"},"modified":"2022-04-07T14:50:54","modified_gmt":"2022-04-07T13:50:54","slug":"efren-llarena-y-sara-fernandez-consiguen-la-victoria-en-lorca","status":"publish","type":"post","link":"https:\/\/www.mfoto.es\/noticias\/?p=4147","title":{"rendered":"Efr\u00e9n Llarena y Sara Fern\u00e1ndez consiguen la victoria en Lorca"},"content":{"rendered":"\n<p><img loading=\"lazy\" decoding=\"async\" class=\"alignleft\" src=\"http:\/\/www.mfoto.es\/logos\/foto.gif\" alt=\"\" width=\"50\" height=\"36\"><\/p>\n<p><strong><a href=\"https:\/\/www.mfoto.es\/fotos\/2022\/01_lorca\/\">FOTOS RALLYE TIERRAS ALTAS DE LORCA<\/a><\/strong><\/p>\n\n<div id=\"attachment_4148\" style=\"width: 460px\" class=\"wp-caption alignnone\"><img loading=\"lazy\" decoding=\"async\" aria-describedby=\"caption-attachment-4148\" class=\"wp-image-4148 size-full\" src=\"https:\/\/www.mfoto.es\/noticias\/wpcontent\/uploads_2012\/314_llarena_lorca.jpg\" alt=\"\" width=\"450\" height=\"300\" srcset=\"https:\/\/www.mfoto.es\/noticias\/wp-content\/uploads_2012\/314_llarena_lorca.jpg 450w, https:\/\/www.mfoto.es\/noticias\/wp-content\/uploads_2012\/314_llarena_lorca-300x199.jpg 300w\" sizes=\"auto, (max-width: 450px) 100vw, 450px\" \/><p id=\"caption-attachment-4148\" class=\"wp-caption-text\">Efr\u00e9n Llarena y Sara Fern\u00e1ndez ganaban en Lorca<\/p><\/div>\n\n\n\n<p>El rallye Tierras Altas de Lorca abr\u00eda la temporada 2022 y puntuaba para el Supercampeonato y para la Copa de Rallyes de Tierra. El tiempo no acompa\u00f1\u00f3 y las lluvias ca\u00eddas los d\u00edas previos y durante la prueba, dejaron los tramos bastante complicados y obligaron a cancelar las dos pasadas de la tarde al tramo C.<\/p>\n\n\n\n<p>La victoria en esta ocasi\u00f3n fue para Efr\u00e9n Llarena y Sara Fern\u00e1ndez con un Skoda Fabia Rally2, por detr\u00e1s les siguieron Iv\u00e1n Ares y David V\u00e1zquez y Pepe L\u00f3pez y Borja Rozada, a 23.6 y 25.5 segundos, ambos con los nuevos Hyundai i20N Rally2.<\/p>\n\n\n\n<p>En los primeros tramos Pepe L\u00f3pez y \u00abCohete\u00bb Su\u00e1rez dominaban la clasificaci\u00f3n hasta que en el cuarto tramo, \u00abCohete\u00bb abandonaba tras romper los esp\u00e1rragos de una rueda y en el mismo tramo Pepe L\u00f3pez pinchaba y ced\u00eda casi un minuto. A partir de ah\u00ed, Llarena estuvo controlando la situaci\u00f3n e Iv\u00e1n Ares aguantando los ataques de Pepe L\u00f3pez, lo que consegu\u00eda por muy poco.<\/p>\n\n\n\n<p>\u00abCohete\u00bb Su\u00e1rez reparaba el Skoda y por la tarde consegu\u00eda unos puntos extra para el campeonato, al ganar el TC Plus.<\/p>\n\n\n\n<p>La categor\u00eda Junior la ganaban Alejandro Cach\u00f3n y Angel Luis Vela tras hacer un excelente rallye llevando el Citro\u00ebn C3 Rally2 a la cuarta posici\u00f3n absoluta y muy cerca del podio.<\/p>\n\n\n\n<p>En el trofeo de Dos Ruedas Motrices, victoria para Oscar Palomo, seguido de Delbin Garc\u00eda y de Ferr\u00e1n Aymerich, los tres con Peugeot 208 Rally4.<\/p>\n\n\n\n<p>Delbin Garc\u00eda y Diego Cruz encabezaban la clasificaci\u00f3n de la Beca Junior RTS con un Peugeot 208 Rally4, Ferr\u00e1n Aymerich y Eric Bellvert eran segundos con otro Peugeot 208 Rally4 y la tercera plaza era para Alejandro Mauro y Diego Sanjuan con un Renault Clio Rally5.<\/p>\n\n\n\n<p>En resto de categor\u00edas, victorias para Aritz Iriondo y Joseba S\u00e1nchez en la Copa Kumho 2RM Desaf\u00edo R2, para Francisco Montes y David Collado en la Copa Kumho 2RM Desaf\u00edo Proto, para Javier Sosa y Carlos Javier Fragiel en la Copa Kumho 2RM Desaf\u00edo N3 y para Unai Garc\u00eda y Eguzki\u00f1e Enr\u00edquez en la Copa Kobe Rallye.<\/p>\n\n\n\n<p>La pr\u00f3xima prueba del Supercampeonato ser\u00e1 el Rallye Sierra Morena en C\u00f3rdoba, los d\u00edas 1 y 2 de Abril.<\/p>\n\n\n\n<div style=\"height:20px\" aria-hidden=\"true\" class=\"wp-block-spacer\"><\/div>\n\n\n\n<hr class=\"wp-block-separator\"\/>\n\n\n\n<p><strong>Clasificaciones XI Rallye Tierras Altas de Lorca 2022:<\/strong><\/p>\n\n\n\n<p><strong>Clasificaci\u00f3n S-CER:<\/strong><br>1\u00ba Llarena-Fern\u00e1ndez (Skoda Fabia Rally2) 49:02.0<br>2\u00ba Ares-V\u00e1zquez (Hyundai i20N Rally2) +23.6<br>3\u00ba L\u00f3pez-Hern\u00e1ndez (Hyundai i20N Rally2) +25.5<br>4\u00ba Cachon-Vela (Citro\u00ebn C3 Rally2) +27.1<br>5\u00ba Garc\u00eda-Gonz\u00e1lez (Skoda Fabia Rally2) +1:01.0<\/p>\n\n\n\n<p><strong>Clasificaci\u00f3n CERT:<\/strong><br>1\u00ba Llarena-Fern\u00e1ndez (Skoda Fabia Rally2) 49:02.0<br>2\u00ba Ares-V\u00e1zquez (Hyundai i20N Rally2) +23.6<br>3\u00ba L\u00f3pez-Hern\u00e1ndez (Hyundai i20N Rally2) +25.5<br>4\u00ba Cachon-Vela (Citro\u00ebn C3 Rally2) +27.1<br>5\u00ba Cais-Tesinsky (Ford Fiesta R5 MkII) +47.5<\/p>\n\n\n\n<hr class=\"wp-block-separator\"\/>\n","protected":false},"excerpt":{"rendered":"<p>FOTOS RALLYE TIERRAS ALTAS DE LORCA El rallye Tierras Altas de Lorca abr\u00eda la temporada 2022 y puntuaba para el Supercampeonato y para la Copa de Rallyes de Tierra. El tiempo no acompa\u00f1\u00f3 y las lluvias ca\u00eddas los d\u00edas previos y durante la prueba, dejaron los tramos bastante complicados y obligaron a cancelar las dos [&hellip;]<\/p>\n","protected":false},"author":1,"featured_media":0,"comment_status":"closed","ping_status":"closed","sticky":false,"template":"","format":"standard","meta":{"footnotes":""},"categories":[256,141,245,238,145,163,162,209,191,5,248,97,4,115,210,19],"tags":[],"class_list":["post-4147","post","type-post","status-publish","format-standard","hentry","category-256","category-ares","category-beca_junior_rts","category-cachon","category-cert","category-llarena","category-lopez","category-lorca","category-murcia","category-nacional","category-palomo","category-pernia","category-rallyes","category-suarez","category-supercer","category-tierra"],"_links":{"self":[{"href":"https:\/\/www.mfoto.es\/noticias\/index.php?rest_route=\/wp\/v2\/posts\/4147","targetHints":{"allow":["GET"]}}],"collection":[{"href":"https:\/\/www.mfoto.es\/noticias\/index.php?rest_route=\/wp\/v2\/posts"}],"about":[{"href":"https:\/\/www.mfoto.es\/noticias\/index.php?rest_route=\/wp\/v2\/types\/post"}],"author":[{"embeddable":true,"href":"https:\/\/www.mfoto.es\/noticias\/index.php?rest_route=\/wp\/v2\/users\/1"}],"replies":[{"embeddable":true,"href":"https:\/\/www.mfoto.es\/noticias\/index.php?rest_route=%2Fwp%2Fv2%2Fcomments&post=4147"}],"version-history":[{"count":4,"href":"https:\/\/www.mfoto.es\/noticias\/index.php?rest_route=\/wp\/v2\/posts\/4147\/revisions"}],"predecessor-version":[{"id":4152,"href":"https:\/\/www.mfoto.es\/noticias\/index.php?rest_route=\/wp\/v2\/posts\/4147\/revisions\/4152"}],"wp:attachment":[{"href":"https:\/\/www.mfoto.es\/noticias\/index.php?rest_route=%2Fwp%2Fv2%2Fmedia&parent=4147"}],"wp:term":[{"taxonomy":"category","embeddable":true,"href":"https:\/\/www.mfoto.es\/noticias\/index.php?rest_route=%2Fwp%2Fv2%2Fcategories&post=4147"},{"taxonomy":"post_tag","embeddable":true,"href":"https:\/\/www.mfoto.es\/noticias\/index.php?rest_route=%2Fwp%2Fv2%2Ftags&post=4147"}],"curies":[{"name":"wp","href":"https:\/\/api.w.org\/{rel}","templated":true}]}}