{"id":410,"date":"2010-07-30T11:43:05","date_gmt":"2010-07-30T10:43:05","guid":{"rendered":"http:\/\/www.mfoto.es\/2011\/?p=410"},"modified":"2010-07-30T11:43:05","modified_gmt":"2010-07-30T10:43:05","slug":"victorias-para-gonzalez-y-cruz-en-la-subida-a-hermigua","status":"publish","type":"post","link":"https:\/\/www.mfoto.es\/noticias\/?p=410","title":{"rendered":"Victorias para Gonz\u00e1lez y Cruz en la Subida a Hermigua"},"content":{"rendered":"<p><img loading=\"lazy\" decoding=\"async\" class=\"alignleft\" src=\"https:\/\/www.mfoto.es\/logos\/foto.gif\" alt=\"\" width=\"50\" height=\"36\" \/><\/p>\n<p><a href=\"https:\/\/www.mfoto.es\/fotos\/2010\/33_hermigua\/index.html\">VER FOTOS DE LA SUBIDA A HERMIGUA<\/a><\/p>\n<p><img loading=\"lazy\" decoding=\"async\" class=\"alignnone size-full wp-image-411\" title=\"050_gonzalez_hermigua\" src=\"https:\/\/www.mfoto.es\/noticias\/wp-content\/uploads_2012\/050_gonzalez_hermigua.jpg\" alt=\"\" width=\"450\" height=\"300\" srcset=\"https:\/\/www.mfoto.es\/noticias\/wp-content\/uploads_2012\/050_gonzalez_hermigua.jpg 450w, https:\/\/www.mfoto.es\/noticias\/wp-content\/uploads_2012\/050_gonzalez_hermigua-300x200.jpg 300w\" sizes=\"auto, (max-width: 450px) 100vw, 450px\" \/><\/p>\n<p>La XI edici\u00f3n de la Subida a Hermigua-La Carbonera, se celebraba en el municipio de Hermigua, en la isla de La Gomera, en Canarias. La prueba era puntuable para el Campeonato Interinsular de Monta\u00f1a de Tenerife.<\/p>\n<p>En la categor\u00eda de barquetas, el ganador era Jos\u00e9 Manuel Gonz\u00e1lez (BRC 1000), seguido de los hermanos Javi y Jos\u00e9 Afonso Trujillo, los dos sobre Speed car.<\/p>\n<p>Juan Luis Cruz (Subaru WRC) era el ganador en la categor\u00eda de turismos, acompa\u00f1ado en el podium por Roberto Negr\u00edn con un Mitsubishi EVO VIII y Nicol\u00e1s Mesa con un Ford Escort WRC.<\/p>\n<p>CLASIFICACI\u00d3N TURISMOS:<\/p>\n<p>1\u00ba Cruz (Subaru Impreza Wrc) 03:13.052<br \/>\n2\u00ba Negr\u00edn (Mitsubishi Evo VIII) A 09.001<br \/>\n3\u00ba Mesa (Ford Escort WRC) A 14.829<br \/>\n4\u00ba Rodr\u00edguez (Mitsubishi Evo VI) A 15.592<br \/>\n5\u00ba Trujillo (Peugeot 306 S16) A 16.891<\/p>\n<p>CLASIFICACI\u00d3N BARQUETAS:<\/p>\n<p>1\u00ba Gonz\u00e1lez (BRC 1000) 03:08.337<br \/>\n2\u00ba Afonso (Speed Car GT-R 1000) A 04.805<br \/>\n3\u00ba Afonso (Speed Car GT 1000) A 10.707<br \/>\n4\u00ba Reyes (BRC 1000) A 11.541<br \/>\n5\u00ba Rodr\u00edguez (Speed Car GT 1000) A 17.111<\/p>\n","protected":false},"excerpt":{"rendered":"<p>VER FOTOS DE LA SUBIDA A HERMIGUA La XI edici\u00f3n de la Subida a Hermigua-La Carbonera, se celebraba en el municipio de Hermigua, en la isla de La Gomera, en Canarias. La prueba era puntuable para el Campeonato Interinsular de Monta\u00f1a de Tenerife. En la categor\u00eda de barquetas, el ganador era Jos\u00e9 Manuel Gonz\u00e1lez (BRC [&hellip;]<\/p>\n","protected":false},"author":1,"featured_media":0,"comment_status":"closed","ping_status":"open","sticky":false,"template":"","format":"standard","meta":{"footnotes":""},"categories":[18,177,4],"tags":[],"class_list":["post-410","post","type-post","status-publish","format-standard","hentry","category-canarias","category-montana","category-rallyes"],"_links":{"self":[{"href":"https:\/\/www.mfoto.es\/noticias\/index.php?rest_route=\/wp\/v2\/posts\/410","targetHints":{"allow":["GET"]}}],"collection":[{"href":"https:\/\/www.mfoto.es\/noticias\/index.php?rest_route=\/wp\/v2\/posts"}],"about":[{"href":"https:\/\/www.mfoto.es\/noticias\/index.php?rest_route=\/wp\/v2\/types\/post"}],"author":[{"embeddable":true,"href":"https:\/\/www.mfoto.es\/noticias\/index.php?rest_route=\/wp\/v2\/users\/1"}],"replies":[{"embeddable":true,"href":"https:\/\/www.mfoto.es\/noticias\/index.php?rest_route=%2Fwp%2Fv2%2Fcomments&post=410"}],"version-history":[{"count":0,"href":"https:\/\/www.mfoto.es\/noticias\/index.php?rest_route=\/wp\/v2\/posts\/410\/revisions"}],"wp:attachment":[{"href":"https:\/\/www.mfoto.es\/noticias\/index.php?rest_route=%2Fwp%2Fv2%2Fmedia&parent=410"}],"wp:term":[{"taxonomy":"category","embeddable":true,"href":"https:\/\/www.mfoto.es\/noticias\/index.php?rest_route=%2Fwp%2Fv2%2Fcategories&post=410"},{"taxonomy":"post_tag","embeddable":true,"href":"https:\/\/www.mfoto.es\/noticias\/index.php?rest_route=%2Fwp%2Fv2%2Ftags&post=410"}],"curies":[{"name":"wp","href":"https:\/\/api.w.org\/{rel}","templated":true}]}}