{"id":4088,"date":"2021-12-06T16:01:39","date_gmt":"2021-12-06T15:01:39","guid":{"rendered":"https:\/\/www.mfoto.es\/noticias\/?p=4088"},"modified":"2021-12-07T10:06:34","modified_gmt":"2021-12-07T09:06:34","slug":"ares-gana-en-leon-y-se-lleva-el-campeonato-de-tierra","status":"publish","type":"post","link":"https:\/\/www.mfoto.es\/noticias\/?p=4088","title":{"rendered":"Ares gana en Le\u00f3n y se lleva el campeonato de tierra"},"content":{"rendered":"\n<p><img loading=\"lazy\" decoding=\"async\" class=\"alignleft\" src=\"http:\/\/www.mfoto.es\/logos\/foto.gif\" alt=\"\" width=\"50\" height=\"36\"><\/p>\n<p><strong><a href=\"https:\/\/www.mfoto.es\/fotos\/2021\/14_leon\/\">FOTOS RALLYE REINO DE LEON<\/a><\/strong><\/p>\n\n<div id=\"attachment_4089\" style=\"width: 460px\" class=\"wp-caption alignnone\"><img loading=\"lazy\" decoding=\"async\" aria-describedby=\"caption-attachment-4089\" class=\"wp-image-4089 size-full\" src=\"https:\/\/www.mfoto.es\/noticias\/wpcontent\/uploads_2012\/308_ares_leon.jpg\" alt=\"\" width=\"450\" height=\"300\" srcset=\"https:\/\/www.mfoto.es\/noticias\/wp-content\/uploads_2012\/308_ares_leon.jpg 450w, https:\/\/www.mfoto.es\/noticias\/wp-content\/uploads_2012\/308_ares_leon-300x200.jpg 300w\" sizes=\"auto, (max-width: 450px) 100vw, 450px\" \/><p id=\"caption-attachment-4089\" class=\"wp-caption-text\">Victoria y t\u00edtulo para Ares y V\u00e1zquez en Le\u00f3n<\/p><\/div>\n\n\n\n<p>En Le\u00f3n se disputaba el t\u00edtulo de la Copa de Espa\u00f1a de Rallyes de Tierra con una gran nevada en el primer tramo, cercano a La Robla, que puso en duda su celebraci\u00f3n hasta \u00faltima hora.<\/p>\n\n\n\n<p>Los gallegos Iv\u00e1n Ares y David V\u00e1zquez ganaban con autoridad y consegu\u00edan el t\u00edtulo de tierra con el Hyundai i20 R5, mientras que los canarios Juan Carlos Quintana y Yeray M\u00fajica, en principio los mejor clasificados, perd\u00edan mucho tiempo en la nieve del primer tramo y terminaban en quinta posici\u00f3n final con el Skoda Fabia R5.<\/p>\n\n\n\n<p>Alex Villanueva y V\u00edctor Ferrero terminaban en segunda posici\u00f3n liderando la clasificaci\u00f3n del Supercampeonato con el Citro\u00ebn C3 R5 y la tercera plaza del podio era para Oriol G\u00f3mez y Jos\u00e9 Murado con un Citro\u00ebn C3 N5, con el que encabezaban la clasificaci\u00f3n de la Copa N5 RMC.<\/p>\n\n\n\n<p>El Rallye Reino de Le\u00f3n tambi\u00e9n puntuaba para la Beca Rallye Team Spain, con victoria para Roberto Blach Jr. con un Renault Clio Rally4, pero el ganador final de la Beca RTS 2021 era el madrile\u00f1o Oscar Palomo que terminaba en tercera posici\u00f3n tras sufrir problemas en el cambio de su Peugeot 208 Rally4. Oscar Palomo disputar\u00e1 el Campeonato de Europa 2022 como premio.<\/p>\n\n\n\n<p>En el resto de categor\u00edas, victorias para Roberto Blach Jr. en las categor\u00edas Junior y Dos Ruedas Motrices del CERT y S-CER, para Cristina Guti\u00e9rrez en Piloto Femenino, para Alba S\u00e1nchez en Copiloto Femenino, para Oriol G\u00f3mez en Piloto Silver y Senior, y para Javier Sosa en el Desaf\u00edo 2RM N3.<\/p>\n\n\n\n<p>La pr\u00f3xima prueba del S\u00fapercampeonato de Espa\u00f1a ser\u00e1 el Rallyshow Comunidad de Madrid-RACE, que se disputar\u00e1 el d\u00eda 11 de diciembre en el Circuito del Jarama. Ser\u00e1 de asistencia obligatoria para la clasificaci\u00f3n final, pero no ser\u00e1 puntuable.<\/p>\n\n\n\n<figure class=\"wp-block-embed is-type-video is-provider-youtube wp-block-embed-youtube wp-embed-aspect-16-9 wp-has-aspect-ratio\"><div class=\"wp-block-embed__wrapper\">\n<iframe loading=\"lazy\" title=\"Rallye Reino de Le\u00f3n 2021\" width=\"450\" height=\"253\" src=\"https:\/\/www.youtube.com\/embed\/fSRuQpssg9Y?feature=oembed\" frameborder=\"0\" allow=\"accelerometer; autoplay; clipboard-write; encrypted-media; gyroscope; picture-in-picture; web-share\" referrerpolicy=\"strict-origin-when-cross-origin\" allowfullscreen><\/iframe>\n<\/div><\/figure>\n\n\n\n<div style=\"height:20px\" aria-hidden=\"true\" class=\"wp-block-spacer\"><\/div>\n\n\n\n<hr class=\"wp-block-separator\"\/>\n\n\n\n<p><strong>Clasificaci\u00f3n Rallye de Tierra Reino de Le\u00f3n 2021<\/strong>:<br>1\u00ba Ares-V\u00e1zquez (Hyundai i20 R5) 55:16.7<br>2\u00ba Villanueva-Ferrero (Citro\u00ebn C3 R5) +44.5<br>3\u00ba G\u00f3mez-Murado (Citro\u00ebn C3 N5) +2:38.0<br>4\u00ba Pern\u00eda-S\u00e1nchez (Hyundai i20 R5) +2:53.4<br>5\u00ba Quintana-M\u00fajica (Skoda Fabia R5) +3:12.4<\/p>\n\n\n\n<hr class=\"wp-block-separator\"\/>\n","protected":false},"excerpt":{"rendered":"<p>FOTOS RALLYE REINO DE LEON En Le\u00f3n se disputaba el t\u00edtulo de la Copa de Espa\u00f1a de Rallyes de Tierra con una gran nevada en el primer tramo, cercano a La Robla, que puso en duda su celebraci\u00f3n hasta \u00faltima hora. Los gallegos Iv\u00e1n Ares y David V\u00e1zquez ganaban con autoridad y consegu\u00edan el t\u00edtulo [&hellip;]<\/p>\n","protected":false},"author":1,"featured_media":0,"comment_status":"closed","ping_status":"closed","sticky":false,"template":"","format":"standard","meta":{"footnotes":""},"categories":[242,141,245,225,145,208,253,5,248,97,207,4,210,19,138],"tags":[],"class_list":["post-4088","post","type-post","status-publish","format-standard","hentry","category-242","category-ares","category-beca_junior_rts","category-blach","category-cert","category-copa-n5","category-gomez","category-nacional","category-palomo","category-pernia","category-quintana","category-rallyes","category-supercer","category-tierra","category-villanueva"],"_links":{"self":[{"href":"https:\/\/www.mfoto.es\/noticias\/index.php?rest_route=\/wp\/v2\/posts\/4088","targetHints":{"allow":["GET"]}}],"collection":[{"href":"https:\/\/www.mfoto.es\/noticias\/index.php?rest_route=\/wp\/v2\/posts"}],"about":[{"href":"https:\/\/www.mfoto.es\/noticias\/index.php?rest_route=\/wp\/v2\/types\/post"}],"author":[{"embeddable":true,"href":"https:\/\/www.mfoto.es\/noticias\/index.php?rest_route=\/wp\/v2\/users\/1"}],"replies":[{"embeddable":true,"href":"https:\/\/www.mfoto.es\/noticias\/index.php?rest_route=%2Fwp%2Fv2%2Fcomments&post=4088"}],"version-history":[{"count":6,"href":"https:\/\/www.mfoto.es\/noticias\/index.php?rest_route=\/wp\/v2\/posts\/4088\/revisions"}],"predecessor-version":[{"id":4097,"href":"https:\/\/www.mfoto.es\/noticias\/index.php?rest_route=\/wp\/v2\/posts\/4088\/revisions\/4097"}],"wp:attachment":[{"href":"https:\/\/www.mfoto.es\/noticias\/index.php?rest_route=%2Fwp%2Fv2%2Fmedia&parent=4088"}],"wp:term":[{"taxonomy":"category","embeddable":true,"href":"https:\/\/www.mfoto.es\/noticias\/index.php?rest_route=%2Fwp%2Fv2%2Fcategories&post=4088"},{"taxonomy":"post_tag","embeddable":true,"href":"https:\/\/www.mfoto.es\/noticias\/index.php?rest_route=%2Fwp%2Fv2%2Ftags&post=4088"}],"curies":[{"name":"wp","href":"https:\/\/api.w.org\/{rel}","templated":true}]}}