{"id":4049,"date":"2021-10-19T14:11:06","date_gmt":"2021-10-19T13:11:06","guid":{"rendered":"https:\/\/www.mfoto.es\/noticias\/?p=4049"},"modified":"2021-10-19T14:11:25","modified_gmt":"2021-10-19T13:11:25","slug":"victoria-de-thierry-neuville-en-catalunya","status":"publish","type":"post","link":"https:\/\/www.mfoto.es\/noticias\/?p=4049","title":{"rendered":"Victoria de Thierry Neuville en Catalunya"},"content":{"rendered":"\n<p><img loading=\"lazy\" decoding=\"async\" class=\"alignleft\" src=\"http:\/\/www.mfoto.es\/logos\/foto.gif\" alt=\"\" width=\"50\" height=\"36\"><\/p>\n<p><strong><a href=\"https:\/\/www.mfoto.es\/fotos\/2021\/11_catalunya\/\">FOTOS RALLYRACC CATALUNYA<\/a><\/strong><\/p>\n\n<div id=\"attachment_4050\" style=\"width: 460px\" class=\"wp-caption alignnone\"><img loading=\"lazy\" decoding=\"async\" aria-describedby=\"caption-attachment-4050\" class=\"wp-image-4050 size-full\" src=\"https:\/\/www.mfoto.es\/noticias\/wp-content\/uploads_2012\/303_neuville_catalunya.jpg\" alt=\"\" width=\"450\" height=\"300\" srcset=\"https:\/\/www.mfoto.es\/noticias\/wp-content\/uploads_2012\/303_neuville_catalunya.jpg 450w, https:\/\/www.mfoto.es\/noticias\/wp-content\/uploads_2012\/303_neuville_catalunya-300x200.jpg 300w\" sizes=\"auto, (max-width: 450px) 100vw, 450px\" \/><p id=\"caption-attachment-4050\" class=\"wp-caption-text\">Neuville ganaba el RallyRACC 2021<\/p><\/div>\n\n\n\n<p>Thierry Neuville y Martijn Wydaeghe consegu\u00edan en el RallyRACC de Catalunya su segunda victoria de la temporada para Hyundai. Neuville tras alcanzar el liderato en la jornada del viernes, lo manten\u00eda hasta el final.<\/p>\n\n\n\n<p>Elfyn Evans y Scott Martin terminaban en segunda posici\u00f3n a 24.1 segundos con el Toyota Yaris WRC y la tercera plaza era para Dani Sordo y C\u00e1ndido Carrera con Hyundai i20 WRC a 35.3 segundos, manteniendo a raya a todo un campe\u00f3n como Ogier y marcando los mejores tiempos en todos los tramos de la jornada del domingo, inclu\u00edda la Power Stage.<\/p>\n\n\n\n<p>Nil Solans, terminaba su primer rallye con un Hyundai i20 WRC finalizando en una prometedora octava posici\u00f3n.<\/p>\n\n\n\n<p>Eric Camilli y Maxime Vilmot ganaban la categor\u00eda WRC2 con un Citro\u00ebn C3 Rally2 por delante del finland\u00e9s Teemu Suninen con Hyundai i20 Rally2 y del checo Erik Cais con Ford Fiesta Rally2.<\/p>\n\n\n\n<p>La categor\u00eda WRC3 ten\u00eda como vencedor al finland\u00e9s Emil Lindholm con Skoda Fabia Rally2, seguido por el polaco Kajetan Kajetanowicz con id\u00e9ntica montura y el irland\u00e9s Josh McErlean con Hyundai i20 Rally2.<\/p>\n\n\n\n<p>La pr\u00f3xima prueba ser\u00e1 el Rallye de Monza en Italia que cerrar\u00e1 la temporada 2021 del World Rally Championship y en la que se decidir\u00e1 el campeonato.<\/p>\n\n\n\n<div style=\"height:20px\" aria-hidden=\"true\" class=\"wp-block-spacer\"><\/div>\n\n\n\n<hr class=\"wp-block-separator\"\/>\n\n\n\n<p><strong>Clasificaci\u00f3n 56 RallyRACC Catalunya 2021:<\/strong><br>1\u00ba Neuville-Wydaeghe (Hyundai i20 WRC) 2:34:11.8<br>2\u00ba Evans-Martin (Toyota Yaris WRC) +24.1<br>3\u00ba Sordo-Carrera (Hyundai i20 WRC) +35.3<br>4\u00ba Ogier-Ingrassia (Toyota Yaris WRC) +42.1<br>5\u00ba Rovanper\u00e4-Halttunen (Toyota Yaris WRC) +1:31.8<\/p>\n\n\n\n<hr class=\"wp-block-separator\"\/>\n","protected":false},"excerpt":{"rendered":"<p>FOTOS RALLYRACC CATALUNYA Thierry Neuville y Martijn Wydaeghe consegu\u00edan en el RallyRACC de Catalunya su segunda victoria de la temporada para Hyundai. Neuville tras alcanzar el liderato en la jornada del viernes, lo manten\u00eda hasta el final. Elfyn Evans y Scott Martin terminaban en segunda posici\u00f3n a 24.1 segundos con el Toyota Yaris WRC y [&hellip;]<\/p>\n","protected":false},"author":1,"featured_media":0,"comment_status":"closed","ping_status":"closed","sticky":false,"template":"","format":"standard","meta":{"footnotes":""},"categories":[242,228,251,85,182,157,252,114,87,4,203,123,105,221,25],"tags":[],"class_list":["post-4049","post","type-post","status-publish","format-standard","hentry","category-242","category-cais","category-camilli","category-catalunya","category-evans","category-kajetanowicz","category-lindholm","category-neuville","category-ogier","category-rallyes","category-rovanpera","category-solans","category-sordo","category-suninen","category-wrc"],"_links":{"self":[{"href":"https:\/\/www.mfoto.es\/noticias\/index.php?rest_route=\/wp\/v2\/posts\/4049","targetHints":{"allow":["GET"]}}],"collection":[{"href":"https:\/\/www.mfoto.es\/noticias\/index.php?rest_route=\/wp\/v2\/posts"}],"about":[{"href":"https:\/\/www.mfoto.es\/noticias\/index.php?rest_route=\/wp\/v2\/types\/post"}],"author":[{"embeddable":true,"href":"https:\/\/www.mfoto.es\/noticias\/index.php?rest_route=\/wp\/v2\/users\/1"}],"replies":[{"embeddable":true,"href":"https:\/\/www.mfoto.es\/noticias\/index.php?rest_route=%2Fwp%2Fv2%2Fcomments&post=4049"}],"version-history":[{"count":3,"href":"https:\/\/www.mfoto.es\/noticias\/index.php?rest_route=\/wp\/v2\/posts\/4049\/revisions"}],"predecessor-version":[{"id":4053,"href":"https:\/\/www.mfoto.es\/noticias\/index.php?rest_route=\/wp\/v2\/posts\/4049\/revisions\/4053"}],"wp:attachment":[{"href":"https:\/\/www.mfoto.es\/noticias\/index.php?rest_route=%2Fwp%2Fv2%2Fmedia&parent=4049"}],"wp:term":[{"taxonomy":"category","embeddable":true,"href":"https:\/\/www.mfoto.es\/noticias\/index.php?rest_route=%2Fwp%2Fv2%2Fcategories&post=4049"},{"taxonomy":"post_tag","embeddable":true,"href":"https:\/\/www.mfoto.es\/noticias\/index.php?rest_route=%2Fwp%2Fv2%2Ftags&post=4049"}],"curies":[{"name":"wp","href":"https:\/\/api.w.org\/{rel}","templated":true}]}}