{"id":4009,"date":"2021-09-19T15:26:11","date_gmt":"2021-09-19T14:26:11","guid":{"rendered":"https:\/\/www.mfoto.es\/noticias\/?p=4009"},"modified":"2024-04-22T17:26:43","modified_gmt":"2024-04-22T16:26:43","slug":"gran-espectaculo-de-clasicos-en-el-rallye-festival-hoznayo","status":"publish","type":"post","link":"https:\/\/www.mfoto.es\/noticias\/?p=4009","title":{"rendered":"Gran espect\u00e1culo de cl\u00e1sicos en el Rallye Festival Hoznayo"},"content":{"rendered":"\n<p><img loading=\"lazy\" decoding=\"async\" class=\"alignleft\" src=\"http:\/\/www.mfoto.es\/logos\/foto.gif\" alt=\"\" width=\"50\" height=\"36\"><\/p>\n<p><strong><a href=\"https:\/\/www.mfoto.es\/fotos\/2021\/07_hoznayo\/\">FOTOS RALLYE FESTIVAL HOZNAYO<\/a><\/strong><\/p>\n\n<div id=\"attachment_4010\" style=\"width: 460px\" class=\"wp-caption alignnone\"><img loading=\"lazy\" decoding=\"async\" aria-describedby=\"caption-attachment-4010\" class=\"wp-image-4010 size-full\" src=\"https:\/\/www.mfoto.es\/noticias\/wp-content\/uploads_2012\/299_cardin_hoznayo.jpg\" alt=\"\" width=\"450\" height=\"300\" srcset=\"https:\/\/www.mfoto.es\/noticias\/wp-content\/uploads_2012\/299_cardin_hoznayo.jpg 450w, https:\/\/www.mfoto.es\/noticias\/wp-content\/uploads_2012\/299_cardin_hoznayo-300x200.jpg 300w\" sizes=\"auto, (max-width: 450px) 100vw, 450px\" \/><p id=\"caption-attachment-4010\" class=\"wp-caption-text\">Bernardo Card\u00edn se desped\u00eda de la competici\u00f3n en Hoznayo<\/p><\/div>\n\n\n\n<p>Durante tres d\u00edas se ha podido disfrutar de los m\u00e1s de cien veh\u00edculos cl\u00e1sicos participantes en el Rallye Festival Hoznayo, recorriendo los tramos de Secadura, Llueva, Alisas, Hermosa y Pe\u00f1a Cabarga.<\/p>\n\n\n\n<p>Un a\u00f1o m\u00e1s la cantidad de p\u00fablico asistente ha sido enorme, tanto en los ocho tramos que recorr\u00eda la prueba, como en el parking del Hotel Restaurante Adelma, donde estaba situado el parque de asistencia del rallye.<\/p>\n\n\n\n<p>En la llegada final del rallye se rend\u00eda homenaje a Bernardo Card\u00edn que eleg\u00eda esta prueba para retirarse de la competici\u00f3n tras m\u00e1s de cuarenta a\u00f1os en activo.<\/p>\n\n\n\n<figure class=\"wp-block-embed is-type-video is-provider-youtube wp-block-embed-youtube wp-embed-aspect-16-9 wp-has-aspect-ratio\"><div class=\"wp-block-embed__wrapper\">\n<iframe loading=\"lazy\" title=\"Eskerrik Asko Bernardo\" width=\"450\" height=\"253\" src=\"https:\/\/www.youtube.com\/embed\/KyL_YocbF3g?feature=oembed\" frameborder=\"0\" allow=\"accelerometer; autoplay; clipboard-write; encrypted-media; gyroscope; picture-in-picture; web-share\" referrerpolicy=\"strict-origin-when-cross-origin\" allowfullscreen><\/iframe>\n<\/div><\/figure>\n\n\n\n<p><\/p>\n","protected":false},"excerpt":{"rendered":"<p>FOTOS RALLYE FESTIVAL HOZNAYO Durante tres d\u00edas se ha podido disfrutar de los m\u00e1s de cien veh\u00edculos cl\u00e1sicos participantes en el Rallye Festival Hoznayo, recorriendo los tramos de Secadura, Llueva, Alisas, Hermosa y Pe\u00f1a Cabarga. Un a\u00f1o m\u00e1s la cantidad de p\u00fablico asistente ha sido enorme, tanto en los ocho tramos que recorr\u00eda la prueba, [&hellip;]<\/p>\n","protected":false},"author":1,"featured_media":0,"comment_status":"closed","ping_status":"closed","sticky":false,"template":"","format":"standard","meta":{"footnotes":""},"categories":[242,10,16,260,4],"tags":[],"class_list":["post-4009","post","type-post","status-publish","format-standard","hentry","category-242","category-cantabria","category-clasicos","category-hoznayo","category-rallyes"],"_links":{"self":[{"href":"https:\/\/www.mfoto.es\/noticias\/index.php?rest_route=\/wp\/v2\/posts\/4009","targetHints":{"allow":["GET"]}}],"collection":[{"href":"https:\/\/www.mfoto.es\/noticias\/index.php?rest_route=\/wp\/v2\/posts"}],"about":[{"href":"https:\/\/www.mfoto.es\/noticias\/index.php?rest_route=\/wp\/v2\/types\/post"}],"author":[{"embeddable":true,"href":"https:\/\/www.mfoto.es\/noticias\/index.php?rest_route=\/wp\/v2\/users\/1"}],"replies":[{"embeddable":true,"href":"https:\/\/www.mfoto.es\/noticias\/index.php?rest_route=%2Fwp%2Fv2%2Fcomments&post=4009"}],"version-history":[{"count":3,"href":"https:\/\/www.mfoto.es\/noticias\/index.php?rest_route=\/wp\/v2\/posts\/4009\/revisions"}],"predecessor-version":[{"id":4014,"href":"https:\/\/www.mfoto.es\/noticias\/index.php?rest_route=\/wp\/v2\/posts\/4009\/revisions\/4014"}],"wp:attachment":[{"href":"https:\/\/www.mfoto.es\/noticias\/index.php?rest_route=%2Fwp%2Fv2%2Fmedia&parent=4009"}],"wp:term":[{"taxonomy":"category","embeddable":true,"href":"https:\/\/www.mfoto.es\/noticias\/index.php?rest_route=%2Fwp%2Fv2%2Fcategories&post=4009"},{"taxonomy":"post_tag","embeddable":true,"href":"https:\/\/www.mfoto.es\/noticias\/index.php?rest_route=%2Fwp%2Fv2%2Ftags&post=4009"}],"curies":[{"name":"wp","href":"https:\/\/api.w.org\/{rel}","templated":true}]}}