{"id":3852,"date":"2021-04-13T08:55:18","date_gmt":"2021-04-13T07:55:18","guid":{"rendered":"https:\/\/www.mfoto.es\/noticias\/?p=3852"},"modified":"2021-04-26T15:35:09","modified_gmt":"2021-04-26T14:35:09","slug":"victoria-de-cohete-en-el-rallye-sierra-morena","status":"publish","type":"post","link":"https:\/\/www.mfoto.es\/noticias\/?p=3852","title":{"rendered":"Victoria de \u00abCohete\u00bb en el Rallye Sierra Morena"},"content":{"rendered":"\n<div id=\"attachment_3693\" style=\"width: 460px\" class=\"wp-caption aligncenter\"><img loading=\"lazy\" decoding=\"async\" aria-describedby=\"caption-attachment-3693\" class=\"wp-image-3693 size-full\" src=\"https:\/\/www.mfoto.es\/noticias\/wp-content\/uploads_2012\/284_cohete_sierra_morena.jpg\" alt=\"\" width=\"450\" height=\"300\"><p id=\"caption-attachment-3693\" class=\"wp-caption-text\">Victoria en C\u00f3rdoba para Cohete e Iglesias &#8211; Foto: C\u00e9sar Rodr\u00edguez<\/p><\/div>\n\n\n\n<p>El 38 Rallye Sierra Morena marcaba el comienzo del S\u00faper Campeonato de Espa\u00f1a de Rallyes (S-CER) y de la Copa de Espa\u00f1a de Rallyes de Asfalto (CERA) y tambi\u00e9n era puntuable para el European Rally Trophy (ERT).<\/p>\n\n\n\n<p>Los asturianos \u00abCohete\u00bb Su\u00e1rez y Alberto Iglesias, con un Skoda Fabia R5, lograban una victoria contundente, ganando ocho de los diez tramos cronometrados.<\/p>\n\n\n\n<p>La segunda posici\u00f3n, a 38.8 segundos, era para Jan Solans y Rodrigo Sanjuan en su estreno con el Citro\u00ebn C3 R5 del equipo Sports &amp; You, consiguiendo el scratch en el TC Plus de Obejo.<\/p>\n\n\n\n<p>La tercera y cuarta posici\u00f3n eran para Javier Pardo y Joan Vinyes con los Suzuki Swift R4lly, con decoraci\u00f3n nueva y rodando muy regularmente.<\/p>\n\n\n\n<p>Destacar los abandonos de Iv\u00e1n Ares y David V\u00e1zquez con el Hyundai i20 R5, al romper una transmisi\u00f3n a pocos kil\u00f3metros de la salida del primer tramo y el de Surhayen Pern\u00eda y Alba S\u00e1nchez, con otro Hyundai i20 R5, cuando rodaban en segunda posici\u00f3n por una ligera salida de pista.<\/p>\n\n\n\n<p>Tres copas de promoci\u00f3n se disputaron en el Rallye Sierra Morena, la Clio Trophy que acababa con victoria de Germ\u00e1n Leal y Pablo S\u00e1nchez, segundos Thomas Chauffray y Anthony Hamard a 30.1 y terceros Miguel Garc\u00eda y Osel Roman a 54.4. En la Copa Suzuki Swift el triunfo era para David Cort\u00e9s y Rub\u00e9n Soto, seguidos por Rafael Luis Gal\u00e1n y Roc\u00edo Bel\u00e9n Espinosa a 24.7 y por Juan Manuel Ma\u00f1a y David Fern\u00e1ndez a 32.0 y en la Copa Dacia Sandero, victoria para Adri\u00e1n Le\u00f3n y Sergio Herr\u00e1ez, segunda plaza para Angel Rodr\u00edguez y Alberto Gonz\u00e1lez a 16.5 y la tercera para Sairo L\u00f3pez y Nestor Casal a 5.41.8.<\/p>\n\n\n\n<div style=\"height:20px\" aria-hidden=\"true\" class=\"wp-block-spacer\"><\/div>\n\n\n\n<div id=\"attachment_3693\" style=\"width: 460px\" class=\"wp-caption aligncenter\"><img loading=\"lazy\" decoding=\"async\" aria-describedby=\"caption-attachment-3693\" class=\"wp-image-3693 size-full\" src=\"https:\/\/www.mfoto.es\/noticias\/wp-content\/uploads_2012\/285_sainz_sierra_morena.jpg\" alt=\"\" width=\"450\" height=\"300\"><p id=\"caption-attachment-3693\" class=\"wp-caption-text\">To\u00f1o Sainz ganaba en Hist\u00f3ricos &#8211; Foto: C\u00e9sar Rodr\u00edguez<\/p><\/div>\n\n\n\n<p>La prueba tambi\u00e9n puntuaba para el Campeonato de Espa\u00f1a de Rallyes de Velocidad para Veh\u00edculos Hist\u00f3ricos (CERVH), con victorias para Antonio S\u00e1inz y Bartomeu Fluxa con un Subaru Legacy 2.0 Turbo 4WD en velocidad, para Asier Santamar\u00eda y Roberto Renter\u00eda con un Ford Sierra Cosworth 4&#215;4 en Regularidad Sport y para Francisco Mart\u00ednez y Adri\u00e1n Fueyo con un Opel Kadett 2.0 GSI 16V en Regularidad 60 Km\/h.<\/p>\n\n\n\n<p>La pr\u00f3xima cita del SuperCER ser\u00e1 el Rallye Tierras Altas de Lorca, que tambi\u00e9n puntuar\u00e1 para la Copa de Espa\u00f1a de Rallyes de Tierra (CERT), en la Comunidad Aut\u00f3noma de Murcia, los d\u00edas 23 y 24 de Abril.<\/p>\n\n\n\n<div style=\"height:20px\" aria-hidden=\"true\" class=\"wp-block-spacer\"><\/div>\n\n\n\n<hr class=\"wp-block-separator\"\/>\n\n\n\n<p><strong>Clasificaciones 38 Rallye Sierra Morena 2021:<\/strong><\/p>\n\n\n\n<p><strong>Clasificaci\u00f3n ERT &#8211; SuperCER &#8211; CERA:<\/strong><br>1\u00ba Su\u00e1rez-Iglesias (Skoda Fabia R5) 1:26:33.0<br>2\u00ba Solans-Sanjuan (Citro\u00ebn C3 R5) +38.8<br>3\u00ba Pardo-P\u00e9rez (Suzuki Swift R4lly) +2:54.2<br>4\u00ba Vinyes-Mercader (Suzuki Swift R4lly) +3:12.4<br>5\u00ba Vilari\u00f1o-Noriega (Skoda Fabia R5) +4:06.7<\/p>\n\n\n\n<p><strong>Clasificaci\u00f3n CERVH:<\/strong><br>1\u00ba S\u00e1inz-Fluxa (Subaru Legacy 2.0 Turbo 4WD) 1:50:47.0<br>2\u00ba Casas-Lozano (Porsche 911 SC GR.4) +5:52.2<br>3\u00ba Parron-Ugaldebere (Ford Sierra Cosworth 4&#215;4) +7:33.6<br>4\u00ba Melendez-Valdes-Pedrero (VW Golf GTi) +11:39.0<br>5\u00ba Alvarez-Riestra (BMW 2002 Tii) +17:50.6<\/p>\n\n\n\n<hr class=\"wp-block-separator\"\/>\n","protected":false},"excerpt":{"rendered":"<p>El 38 Rallye Sierra Morena marcaba el comienzo del S\u00faper Campeonato de Espa\u00f1a de Rallyes (S-CER) y de la Copa de Espa\u00f1a de Rallyes de Asfalto (CERA) y tambi\u00e9n era puntuable para el European Rally Trophy (ERT). Los asturianos \u00abCohete\u00bb Su\u00e1rez y Alberto Iglesias, con un Skoda Fabia R5, lograban una victoria contundente, ganando ocho [&hellip;]<\/p>\n","protected":false},"author":1,"featured_media":0,"comment_status":"closed","ping_status":"closed","sticky":false,"template":"","format":"standard","meta":{"footnotes":""},"categories":[242,110,141,144,206,219,5,187,97,4,151,123,115,210,169,72],"tags":[],"class_list":["post-3852","post","type-post","status-publish","format-standard","hentry","category-242","category-andalucia","category-ares","category-cera","category-cervh","category-ert","category-nacional","category-pardo","category-pernia","category-rallyes","category-sainz","category-solans","category-suarez","category-supercer","category-vilarino","category-vinyes"],"_links":{"self":[{"href":"https:\/\/www.mfoto.es\/noticias\/index.php?rest_route=\/wp\/v2\/posts\/3852","targetHints":{"allow":["GET"]}}],"collection":[{"href":"https:\/\/www.mfoto.es\/noticias\/index.php?rest_route=\/wp\/v2\/posts"}],"about":[{"href":"https:\/\/www.mfoto.es\/noticias\/index.php?rest_route=\/wp\/v2\/types\/post"}],"author":[{"embeddable":true,"href":"https:\/\/www.mfoto.es\/noticias\/index.php?rest_route=\/wp\/v2\/users\/1"}],"replies":[{"embeddable":true,"href":"https:\/\/www.mfoto.es\/noticias\/index.php?rest_route=%2Fwp%2Fv2%2Fcomments&post=3852"}],"version-history":[{"count":6,"href":"https:\/\/www.mfoto.es\/noticias\/index.php?rest_route=\/wp\/v2\/posts\/3852\/revisions"}],"predecessor-version":[{"id":3889,"href":"https:\/\/www.mfoto.es\/noticias\/index.php?rest_route=\/wp\/v2\/posts\/3852\/revisions\/3889"}],"wp:attachment":[{"href":"https:\/\/www.mfoto.es\/noticias\/index.php?rest_route=%2Fwp%2Fv2%2Fmedia&parent=3852"}],"wp:term":[{"taxonomy":"category","embeddable":true,"href":"https:\/\/www.mfoto.es\/noticias\/index.php?rest_route=%2Fwp%2Fv2%2Fcategories&post=3852"},{"taxonomy":"post_tag","embeddable":true,"href":"https:\/\/www.mfoto.es\/noticias\/index.php?rest_route=%2Fwp%2Fv2%2Ftags&post=3852"}],"curies":[{"name":"wp","href":"https:\/\/api.w.org\/{rel}","templated":true}]}}