{"id":3774,"date":"2020-11-30T18:47:35","date_gmt":"2020-11-30T17:47:35","guid":{"rendered":"https:\/\/www.mfoto.es\/noticias\/?p=3774"},"modified":"2020-12-02T12:08:39","modified_gmt":"2020-12-02T11:08:39","slug":"victorias-para-fourmaux-y-ares-en-canarias","status":"publish","type":"post","link":"https:\/\/www.mfoto.es\/noticias\/?p=3774","title":{"rendered":"Victorias para Fourmaux y Ares en Canarias"},"content":{"rendered":"\n<p><img loading=\"lazy\" decoding=\"async\" class=\"alignleft\" src=\"http:\/\/www.mfoto.es\/logos\/foto.gif\" alt=\"\" width=\"50\" height=\"36\"><\/p>\n<p><strong><a href=\"https:\/\/www.mfoto.es\/fotos\/2020\/07_canarias\/\">FOTOS RALLY ISLAS CANARIAS<\/a><\/strong><\/p>\n\n<div id=\"attachment_3775\" style=\"width: 460px\" class=\"wp-caption alignnone\"><img loading=\"lazy\" decoding=\"async\" aria-describedby=\"caption-attachment-3775\" class=\"wp-image-3775 size-full\" src=\"https:\/\/www.mfoto.es\/noticias\/wp-content\/uploads_2012\/278_fourmaux_canarias.jpg\" alt=\"\" width=\"450\" height=\"300\" srcset=\"https:\/\/www.mfoto.es\/noticias\/wp-content\/uploads_2012\/278_fourmaux_canarias.jpg 450w, https:\/\/www.mfoto.es\/noticias\/wp-content\/uploads_2012\/278_fourmaux_canarias-300x200.jpg 300w\" sizes=\"auto, (max-width: 450px) 100vw, 450px\" \/><p id=\"caption-attachment-3775\" class=\"wp-caption-text\">Fourmaux y Jamoul ganaban el Rally Islas Canarias<\/p><\/div>\n\n\n\n<p>Adrien Fourmaux y Renaud Jamoul con un Ford Fiesta R5 ganaban el 44\u00ba Rally Islas Canarias, en la edici\u00f3n m\u00e1s at\u00edpica de esta prueba debido a la lluvia ca\u00edda, que dejaba los tramos como pistas de patinaje. Otro equipo franc\u00e9s, el formado por los campeones franceses, Yoann Bonato y Benjamin Boulloud terminaban en segunda posici\u00f3n con un Citro\u00ebn C3, y la tercera plaza era para Iv\u00e1n Ares y David V\u00e1zquez con el Hyundai i20 R5, con el que llegaron a liderar la carrera.<\/p>\n\n\n\n<p>En el Rally Islas Canarias se decidieron todos los t\u00edtulos europeos. Alexey Lukyanuk ganaba por segunda vez el European Rally Championship (ERC). El t\u00edtulo de ERC1 Junior era para Oliver Solberg y Aaron Johnston, con Volkswagen Polo GTI R5, cuartos clasificados en la general. Los h\u00fangaros Tibor \u00c9rdi y Zolt\u00e1n Cs\u00f6k\u00f6 con Mitsubishi Evo X ganaban su tercer t\u00edtulo en ERC2. Los t\u00edtulos de ERC3 y ERC3 Junior ya estaban decididos antes del rallye a favor de los estonios Ken Torn y Kauri Pannas, que terminaban ganando aqu\u00ed tambi\u00e9n las dos categor\u00edas con un Ford Fiesta Rally4, tras la descalificaci\u00f3n del l\u00edder Pep Bassas por recibir ayuda externa, para intentar solucionar un fallo mec\u00e1nico.<\/p>\n\n\n\n<div style=\"height:20px\" aria-hidden=\"true\" class=\"wp-block-spacer\"><\/div>\n\n\n\n<div id=\"attachment_3776\" style=\"width: 460px\" class=\"wp-caption alignnone\"><img loading=\"lazy\" decoding=\"async\" aria-describedby=\"caption-attachment-3776\" class=\"wp-image-3776 size-full\" src=\"https:\/\/www.mfoto.es\/noticias\/wp-content\/uploads_2012\/279_ares_canarias.jpg\" alt=\"\" width=\"450\" height=\"300\" srcset=\"https:\/\/www.mfoto.es\/noticias\/wp-content\/uploads_2012\/279_ares_canarias.jpg 450w, https:\/\/www.mfoto.es\/noticias\/wp-content\/uploads_2012\/279_ares_canarias-300x200.jpg 300w\" sizes=\"auto, (max-width: 450px) 100vw, 450px\" \/><p id=\"caption-attachment-3776\" class=\"wp-caption-text\">Ares y V\u00e1zquez ganaron la clasificaci\u00f3n CERA<\/p><\/div>\n\n\n\n<p>Iv\u00e1n Ares y David V\u00e1zquez ganaban la clasificaci\u00f3n para el Campeonato de Espa\u00f1a de Rallyes de Asfalto (CERA), la segunda plaza fue para \u00abCohete\u00bb Su\u00e1rez y Alberto Iglesias con el Skoda Fabia R5 a 43.5 segundos y la tercera para Luis Monz\u00f3n y Jos\u00e9 Carlos D\u00e9niz con un Citro\u00ebn C3 R5 a 1:36.8.<\/p>\n\n\n\n<p>En el S\u00faper Campeonato de Espa\u00f1a de Rallyes (S-CER), victoria para \u00abCohete\u00bb Su\u00e1rez y Alberto Iglesias, segunda posici\u00f3n a 55 segundos, para Surhayen Pern\u00eda y Eduardo Gonz\u00e1lez y tercera plaza para Yeray Lemes y Rogelio Pe\u00f1ate a 2:17.1, ambos equipos con Hyundai i20 R5.<\/p>\n\n\n\n<p>A pesar de haberse retirado en el primer tramo del rally, por un golpe en el arrancaban una rueda trasera, Pepe L\u00f3pez y Borja Rozada se adjudicaban, con el Citro\u00ebn C3 R5, los t\u00edtulos del CERA, al ganar el TC Plus de Arucas y sumar los puntos necesarios y el del S-CER, manteniendo el liderato al sufrir Nil Solans un doble pinchazo y ser posteriormente descalificado.<\/p>\n\n\n\n<p>La pr\u00f3xima prueba y que cerrar\u00e1 la temporada 2020 del CERA, ser\u00e1 el Rallye Comunidad de Madrid, como evento fin de temporada no puntuable, en el Circuito del Jarama, los d\u00edas 11 y 12 de Diciembre.<\/p>\n\n\n\n<div style=\"height:20px\" aria-hidden=\"true\" class=\"wp-block-spacer\"><\/div>\n\n\n\n<hr class=\"wp-block-separator\"\/>\n\n\n\n<p><strong>Clasificaciones 44 Rally Islas Canarias 2020:<\/strong><\/p>\n\n\n\n<p><strong>Clasificaci\u00f3n ERC:<\/strong><br>1\u00ba Fourmaux-Jamoul (Ford Fiesta R5) 2:12:21.2<br>2\u00ba Bonato-Boulloud (Citro\u00ebn C3 R5) +25.0<br>3\u00ba Ares-V\u00e1zquez (Hyundai i20 R5) +55.6<br>4\u00ba Solberg-Johnston (VW Polo R5) +1:17.4<br>5\u00ba Su\u00e1rez-Iglesias (Skoda Fabia R5) +1:39.1<\/p>\n\n\n\n<p><strong>Clasificaci\u00f3n CERA:<\/strong><br>1\u00ba Ares-V\u00e1zquez (Hyundai i20 R5) 2:13:16.8<br>2\u00ba Su\u00e1rez-Iglesias (Skoda Fabia R5) +43.5<br>3\u00ba Monz\u00f3n-D\u00e9niz (Citro\u00ebn C3 R5) +1:36.8<br>4\u00ba Pern\u00eda-Gonz\u00e1lez (Hyundai i20 R5) +1:38.5<br>5\u00ba Cruz-M\u00fajica (Ford Fiesta R5) +2:43.2<\/p>\n\n\n\n<p><strong>Clasificaci\u00f3n S-CER:<\/strong><br>1\u00ba Su\u00e1rez-Iglesias (Skoda Fabia R5) 2:14:00.3<br>2\u00ba Pern\u00eda-Gonz\u00e1lez (Hyundai i20 R5) +55.0<br>3\u00ba Lemes-Pe\u00f1ate (Hyundai i20 R5) +2:17.1<br>4\u00ba Vinyes-Mercader (Suzuki Swift R4) +5:24.6<br>5\u00ba Pardo-P\u00e9rez (Suzuki Swift R4) +5:45.0<\/p>\n\n\n\n<hr class=\"wp-block-separator\"\/>\n","protected":false},"excerpt":{"rendered":"<p>FOTOS RALLY ISLAS CANARIAS Adrien Fourmaux y Renaud Jamoul con un Ford Fiesta R5 ganaban el 44\u00ba Rally Islas Canarias, en la edici\u00f3n m\u00e1s at\u00edpica de esta prueba debido a la lluvia ca\u00edda, que dejaba los tramos como pistas de patinaje. Otro equipo franc\u00e9s, el formado por los campeones franceses, Yoann Bonato y Benjamin Boulloud [&hellip;]<\/p>\n","protected":false},"author":1,"featured_media":0,"comment_status":"closed","ping_status":"closed","sticky":false,"template":"","format":"standard","meta":{"footnotes":""},"categories":[236,141,232,241,18,144,120,92,229,240,121,162,156,93,5,187,97,4,123,202,115,223,72],"tags":[],"class_list":["post-3774","post","type-post","status-publish","format-standard","hentry","category-236","category-ares","category-bassas","category-bonato","category-canarias","category-cera","category-cruz","category-erc","category-erc3_junior","category-fourmaux","category-lemes","category-lopez","category-lukyanuk","category-monzon","category-nacional","category-pardo","category-pernia","category-rallyes","category-solans","category-solberg","category-suarez","category-torn","category-vinyes"],"_links":{"self":[{"href":"https:\/\/www.mfoto.es\/noticias\/index.php?rest_route=\/wp\/v2\/posts\/3774","targetHints":{"allow":["GET"]}}],"collection":[{"href":"https:\/\/www.mfoto.es\/noticias\/index.php?rest_route=\/wp\/v2\/posts"}],"about":[{"href":"https:\/\/www.mfoto.es\/noticias\/index.php?rest_route=\/wp\/v2\/types\/post"}],"author":[{"embeddable":true,"href":"https:\/\/www.mfoto.es\/noticias\/index.php?rest_route=\/wp\/v2\/users\/1"}],"replies":[{"embeddable":true,"href":"https:\/\/www.mfoto.es\/noticias\/index.php?rest_route=%2Fwp%2Fv2%2Fcomments&post=3774"}],"version-history":[{"count":8,"href":"https:\/\/www.mfoto.es\/noticias\/index.php?rest_route=\/wp\/v2\/posts\/3774\/revisions"}],"predecessor-version":[{"id":3785,"href":"https:\/\/www.mfoto.es\/noticias\/index.php?rest_route=\/wp\/v2\/posts\/3774\/revisions\/3785"}],"wp:attachment":[{"href":"https:\/\/www.mfoto.es\/noticias\/index.php?rest_route=%2Fwp%2Fv2%2Fmedia&parent=3774"}],"wp:term":[{"taxonomy":"category","embeddable":true,"href":"https:\/\/www.mfoto.es\/noticias\/index.php?rest_route=%2Fwp%2Fv2%2Fcategories&post=3774"},{"taxonomy":"post_tag","embeddable":true,"href":"https:\/\/www.mfoto.es\/noticias\/index.php?rest_route=%2Fwp%2Fv2%2Ftags&post=3774"}],"curies":[{"name":"wp","href":"https:\/\/api.w.org\/{rel}","templated":true}]}}