{"id":3759,"date":"2020-11-16T20:34:33","date_gmt":"2020-11-16T19:34:33","guid":{"rendered":"https:\/\/www.mfoto.es\/noticias\/?p=3759"},"modified":"2020-11-17T11:46:45","modified_gmt":"2020-11-17T10:46:45","slug":"victoria-de-pepe-lopez-en-el-rallye-tierra-de-madrid","status":"publish","type":"post","link":"https:\/\/www.mfoto.es\/noticias\/?p=3759","title":{"rendered":"Victoria de Pepe L\u00f3pez en el Rallye Tierra de Madrid"},"content":{"rendered":"\n<p><img loading=\"lazy\" decoding=\"async\" class=\"alignleft\" src=\"http:\/\/www.mfoto.es\/logos\/foto.gif\" alt=\"\" width=\"50\" height=\"36\"><\/p>\n<p><strong><a href=\"https:\/\/www.mfoto.es\/fotos\/2020\/06_tierra_madrid\/\">FOTOS RALLYE TIERRA DE MADRID<\/a><\/strong><\/p>\n\n<div id=\"attachment_3760\" style=\"width: 460px\" class=\"wp-caption alignnone\"><img loading=\"lazy\" decoding=\"async\" aria-describedby=\"caption-attachment-3760\" class=\"wp-image-3760 size-full\" src=\"https:\/\/www.mfoto.es\/noticias\/wp-content\/uploads_2012\/277_pepe_tierra_madrid.jpg\" alt=\"\" width=\"450\" height=\"300\" srcset=\"https:\/\/www.mfoto.es\/noticias\/wp-content\/uploads_2012\/277_pepe_tierra_madrid.jpg 450w, https:\/\/www.mfoto.es\/noticias\/wp-content\/uploads_2012\/277_pepe_tierra_madrid-300x200.jpg 300w\" sizes=\"auto, (max-width: 450px) 100vw, 450px\" \/><p id=\"caption-attachment-3760\" class=\"wp-caption-text\">L\u00f3pez y Rozada ganaban el Rallye Tierra de Madrid<\/p><\/div>\n\n\n\n<p>El Rallye Tierra de Madrid cerraba la temporada del Campeonato de Espa\u00f1a de Rallyes de Tierra y ha estado marcado por la lluvia, que ha complicado mucho los tramos de la tarde, al acumularse una gran cantidad de barro y tener que suspender el TC7.<\/p>\n\n\n\n<p>La victoria del rallye era para Pepe L\u00f3pez y Borja Rozada con el Citro\u00ebn C3 R5, tras pelearla con Nil Solans y Marc Mart\u00ed, que terminaban en segunda posici\u00f3n a s\u00f3lo 7.3 segundos con el Skoda Fabia R5 y se proclamaban Campeones de Espa\u00f1a de Rallyes de Tierra. La tercera plaza del podio fue para Jos\u00e9 Luis Pel\u00e1ez y Rodolfo del Barrio con el VW Polo R5 de ARVidal.<\/p>\n\n\n\n<p>En Dos Ruedas Motrices se impon\u00edan Daniel Berdom\u00e1s y Antonio Solorzano con un Peugeot 208 Rally 4, segunda posici\u00f3n para V\u00edctor Echave y Diego Fuentes con Peugeot 208 R2 y tercera para I\u00f1aki Tijera y Jos\u00e9 Miguel Zendoia con otro Peugeot 208 Rally 4. Aritz Iriondo y Joseba S\u00e1nchez finalizaban en cuarta posici\u00f3n y se proclamaban ganadores del Trofeo de Espa\u00f1a de 2RM con un Peugeot 208 R2.<\/p>\n\n\n\n<p>Los asturianos Alejandro Cach\u00f3n y Alejandro L\u00f3pez, con un Peugeot 208 Rally 4, se proclamaban campeones de la Beca Junior R2 y V\u00edctor Aguirre y Mar\u00eda Esther Guti\u00e9rrez consegu\u00edan el t\u00edtulo en la Beca U24 con un Dacia Sandero.<\/p>\n\n\n\n<p>El Desaf\u00edo Kumho N3 terminaba con victoria de Josep Segalas y Daniel Muntadas con un Peugeot 208 N3, Unai Garc\u00eda y Eguzki\u00f1e Enr\u00edquez eran segundos y se proclamaban campeones con un Toyota Aygo y la tercera plaza era para Pedro Manuel Hern\u00e1ndez y C\u00e1ndido S\u00e1nchez con un Suzuki Swift.<\/p>\n\n\n\n<p>V\u00edctor Aguirre y Mar\u00eda Esther Guti\u00e9rrez ganaban en la Copa Dacia Sandero, el campeonato era para Germ\u00e1n Leal y Pablo S\u00e1nchez que terminaban en segunda posici\u00f3n y la tercera posici\u00f3n era para Sergio Arenas y Joaqu\u00edn Carrascosa.<\/p>\n\n\n\n<p>Con esta prueba se cierra una temporada at\u00edpica con s\u00f3lo tres pruebas disputadas.<\/p>\n\n\n\n<div style=\"height:20px\" aria-hidden=\"true\" class=\"wp-block-spacer\"><\/div>\n\n\n\n<hr class=\"wp-block-separator\"\/>\n\n\n\n<p><strong>Clasificaciones Rallye Tierra de Madrid 2020:<\/strong><\/p>\n\n\n\n<p><strong>Clasificaci\u00f3n CERT:<\/strong><br>1\u00ba L\u00f3pez-Rozada (Citro\u00ebn C3 R5) 56:54.4<br>2\u00ba Solans-Mart\u00ed (Skoda Fabia R5) +7.3<br>3\u00ba Pel\u00e1ez-Del Barrio (VW Polo GTI) +3:51.3<br>4\u00ba Villanueva-Amigo (Skoda Fabia R5) +4:46.9<br>5\u00ba Quintana-M\u00fajica (Skoda Fabia R5) +5:43.8<\/p>\n\n\n\n<p><strong>Clasificaci\u00f3n S-CER:<\/strong><br>1\u00ba L\u00f3pez-Rozada (Citro\u00ebn C3 R5) 56:54.4<br>2\u00ba Solans-Mart\u00ed (Skoda Fabia R5) +7.3<br>3\u00ba Pons-Chamorro (Skoda Fabia R5) +7:12.3<br>4\u00ba Cach\u00f3n-L\u00f3pez (Peugeot 208 Rally 4) +10:04.9<\/p>\n\n\n\n<hr class=\"wp-block-separator\"\/>\n","protected":false},"excerpt":{"rendered":"<p>FOTOS RALLYE TIERRA DE MADRID El Rallye Tierra de Madrid cerraba la temporada del Campeonato de Espa\u00f1a de Rallyes de Tierra y ha estado marcado por la lluvia, que ha complicado mucho los tramos de la tarde, al acumularse una gran cantidad de barro y tener que suspender el TC7. La victoria del rallye era [&hellip;]<\/p>\n","protected":false},"author":1,"featured_media":0,"comment_status":"closed","ping_status":"closed","sticky":false,"template":"","format":"standard","meta":{"footnotes":""},"categories":[236,90,192,238,145,62,181,162,34,5,188,99,207,4,123,210,19,138],"tags":[],"class_list":["post-3759","post","type-post","status-publish","format-standard","hentry","category-236","category-aguirre","category-beka_r2","category-cachon","category-cert","category-echave","category-iriondo","category-lopez","category-madrid","category-nacional","category-pelaez","category-pons","category-quintana","category-rallyes","category-solans","category-supercer","category-tierra","category-villanueva"],"_links":{"self":[{"href":"https:\/\/www.mfoto.es\/noticias\/index.php?rest_route=\/wp\/v2\/posts\/3759","targetHints":{"allow":["GET"]}}],"collection":[{"href":"https:\/\/www.mfoto.es\/noticias\/index.php?rest_route=\/wp\/v2\/posts"}],"about":[{"href":"https:\/\/www.mfoto.es\/noticias\/index.php?rest_route=\/wp\/v2\/types\/post"}],"author":[{"embeddable":true,"href":"https:\/\/www.mfoto.es\/noticias\/index.php?rest_route=\/wp\/v2\/users\/1"}],"replies":[{"embeddable":true,"href":"https:\/\/www.mfoto.es\/noticias\/index.php?rest_route=%2Fwp%2Fv2%2Fcomments&post=3759"}],"version-history":[{"count":4,"href":"https:\/\/www.mfoto.es\/noticias\/index.php?rest_route=\/wp\/v2\/posts\/3759\/revisions"}],"predecessor-version":[{"id":3772,"href":"https:\/\/www.mfoto.es\/noticias\/index.php?rest_route=\/wp\/v2\/posts\/3759\/revisions\/3772"}],"wp:attachment":[{"href":"https:\/\/www.mfoto.es\/noticias\/index.php?rest_route=%2Fwp%2Fv2%2Fmedia&parent=3759"}],"wp:term":[{"taxonomy":"category","embeddable":true,"href":"https:\/\/www.mfoto.es\/noticias\/index.php?rest_route=%2Fwp%2Fv2%2Fcategories&post=3759"},{"taxonomy":"post_tag","embeddable":true,"href":"https:\/\/www.mfoto.es\/noticias\/index.php?rest_route=%2Fwp%2Fv2%2Ftags&post=3759"}],"curies":[{"name":"wp","href":"https:\/\/api.w.org\/{rel}","templated":true}]}}