{"id":373,"date":"2010-07-11T19:33:55","date_gmt":"2010-07-11T18:33:55","guid":{"rendered":"http:\/\/www.mfoto.es\/2011\/?p=373"},"modified":"2010-07-11T19:33:55","modified_gmt":"2010-07-11T18:33:55","slug":"victoria-de-vilarino-en-el-rallye-zalla-valle-de-mena","status":"publish","type":"post","link":"https:\/\/www.mfoto.es\/noticias\/?p=373","title":{"rendered":"Victoria de Vilari\u00f1o en el Rallye Zalla-Valle de Mena"},"content":{"rendered":"<p><img loading=\"lazy\" decoding=\"async\" class=\"alignleft\" src=\"https:\/\/www.mfoto.es\/logos\/foto.gif\" alt=\"\" width=\"50\" height=\"36\" \/><\/p>\n<p><a href=\"https:\/\/www.mfoto.es\/fotos\/2010\/29_zalla\/index.html\">VER FOTOS DEL RALLYE ZALLA-VALLE DE MENA<\/a><\/p>\n<p><img loading=\"lazy\" decoding=\"async\" class=\"alignnone size-full wp-image-374\" title=\"046_vilarino_zalla\" src=\"https:\/\/www.mfoto.es\/noticias\/wp-content\/uploads_2012\/046_vilarino_zalla.jpg\" alt=\"\" width=\"450\" height=\"300\" srcset=\"https:\/\/www.mfoto.es\/noticias\/wp-content\/uploads_2012\/046_vilarino_zalla.jpg 450w, https:\/\/www.mfoto.es\/noticias\/wp-content\/uploads_2012\/046_vilarino_zalla-300x200.jpg 300w\" sizes=\"auto, (max-width: 450px) 100vw, 450px\" \/><\/p>\n<p style=\"text-align: justify;\">El pasado S\u00e1bado 10 de Julio se celebr\u00f3 bajo un calor agobiante, el Rallye de Zalla-Valle de Mena, entre los territorios\u00a0de\u00a0Bizkaia y Burgos, puntuable para los Campeonatos Vasco y Bizkaino de Rallyes, fue organizado por la Escuder\u00eda Nervi\u00f3n y cont\u00f3 con treinta equipos en la salida.<\/p>\n<p style=\"text-align: justify;\">Xabier Lujua y Txiki Burgos con el Mitsubishi EVO X, empezaron la prueba tomando una ventaja de 14 segundos en el primer tramo del d\u00eda, que fueron despu\u00e9s recuperados tramo a tramo por Ander Vilari\u00f1o e Ioritz Mendicute con el Subaru WRC.<\/p>\n<p style=\"text-align: justify;\">Al final la victoria fue para Vilari\u00f1o con 6 segundos de ventaja sobre Lujua y la tercera posici\u00f3n fue para Zapirain y Armendariz con el Peugeot 206 WRC a 44 segundos.<\/p>\n<p style=\"text-align: justify;\">Por clases, los ganadores fueron\u00a0Natxo Zuloaga e Iban Delgado\u00a0(Citro\u00ebn Saxo VTS) en la clase 1, Iker Gayoso y Diego Fern\u00e1ndez (Citro\u00ebn Saxo VTS) en la clase 2, Joseba Ruiz Larrinaga y Andoni Villate (VW Golf GTI 16V) en la clase 3, Aingeru Castro y \u00c1ngel Castro (BMW M3 E30) en la clase 4, Jos\u00e9 Javier Aguinaga y Gorka Aguinaga (Ford Sierra Cosworth) en la clase 5 y Ander Vilari\u00f1o e Ioritz Mendicute (Subaru Impreza WRC) en la clase 6.<\/p>\n<p style=\"text-align: justify;\">Iker Gayoso lideraba la clasificaci\u00f3n junior y en la prueba terminaron 24 equipos y hubo 6 abandonos por diversas aver\u00edas y salidas de carretera.<\/p>\n<p>CLASIFICACI\u00d3N:<\/p>\n<p>1\u00ba Vilari\u00f1o-Mendicute (Subaru Impreza WRC) 24:06<br \/>\n2\u00ba Lujua-Burgos (Mitsubishi EVO X) a 00:06<br \/>\n3\u00ba Zapirain-Armendariz (Peugeot 206 WRC) a 00:44<br \/>\n4\u00ba G\u00f3mez-Campos (Mitsubishi EVO IV) a 00:51<br \/>\n5\u00ba Castro-Castro (BMW M3 E30) a 01:25<\/p>\n","protected":false},"excerpt":{"rendered":"<p>VER FOTOS DEL RALLYE ZALLA-VALLE DE MENA El pasado S\u00e1bado 10 de Julio se celebr\u00f3 bajo un calor agobiante, el Rallye de Zalla-Valle de Mena, entre los territorios\u00a0de\u00a0Bizkaia y Burgos, puntuable para los Campeonatos Vasco y Bizkaino de Rallyes, fue organizado por la Escuder\u00eda Nervi\u00f3n y cont\u00f3 con treinta equipos en la salida. Xabier Lujua [&hellip;]<\/p>\n","protected":false},"author":1,"featured_media":0,"comment_status":"closed","ping_status":"open","sticky":false,"template":"","format":"standard","meta":{"footnotes":""},"categories":[9,6,54,4,169],"tags":[],"class_list":["post-373","post","type-post","status-publish","format-standard","hentry","category-bizkaia","category-euskadi","category-lujua","category-rallyes","category-vilarino"],"_links":{"self":[{"href":"https:\/\/www.mfoto.es\/noticias\/index.php?rest_route=\/wp\/v2\/posts\/373","targetHints":{"allow":["GET"]}}],"collection":[{"href":"https:\/\/www.mfoto.es\/noticias\/index.php?rest_route=\/wp\/v2\/posts"}],"about":[{"href":"https:\/\/www.mfoto.es\/noticias\/index.php?rest_route=\/wp\/v2\/types\/post"}],"author":[{"embeddable":true,"href":"https:\/\/www.mfoto.es\/noticias\/index.php?rest_route=\/wp\/v2\/users\/1"}],"replies":[{"embeddable":true,"href":"https:\/\/www.mfoto.es\/noticias\/index.php?rest_route=%2Fwp%2Fv2%2Fcomments&post=373"}],"version-history":[{"count":0,"href":"https:\/\/www.mfoto.es\/noticias\/index.php?rest_route=\/wp\/v2\/posts\/373\/revisions"}],"wp:attachment":[{"href":"https:\/\/www.mfoto.es\/noticias\/index.php?rest_route=%2Fwp%2Fv2%2Fmedia&parent=373"}],"wp:term":[{"taxonomy":"category","embeddable":true,"href":"https:\/\/www.mfoto.es\/noticias\/index.php?rest_route=%2Fwp%2Fv2%2Fcategories&post=373"},{"taxonomy":"post_tag","embeddable":true,"href":"https:\/\/www.mfoto.es\/noticias\/index.php?rest_route=%2Fwp%2Fv2%2Ftags&post=373"}],"curies":[{"name":"wp","href":"https:\/\/api.w.org\/{rel}","templated":true}]}}