{"id":3682,"date":"2020-06-17T09:07:56","date_gmt":"2020-06-17T08:07:56","guid":{"rendered":"https:\/\/www.mfoto.es\/noticias\/?p=3682"},"modified":"2020-10-15T15:14:41","modified_gmt":"2020-10-15T14:14:41","slug":"nuevo-calendario-de-pruebas-2020","status":"publish","type":"post","link":"https:\/\/www.mfoto.es\/noticias\/?p=3682","title":{"rendered":"Nuevo calendario de pruebas 2020"},"content":{"rendered":"\n<p>La comisi\u00f3n delegada de la Rfeda ha aprobado el calendario actualizado para reanudar la actividad deportiva.<br><\/p>\n\n\n\n<div id=\"attachment_3683\" style=\"width: 460px\" class=\"wp-caption alignnone\"><img loading=\"lazy\" decoding=\"async\" aria-describedby=\"caption-attachment-3683\" class=\"wp-image-3683 size-full\" src=\"http:\/\/www.mfoto.es\/noticias\/wp-content\/uploads_2012\/271_cal_rfeda_2020_2.png\" alt=\"\" width=\"450\" height=\"300\" srcset=\"https:\/\/www.mfoto.es\/noticias\/wp-content\/uploads_2012\/271_cal_rfeda_2020_2.png 450w, https:\/\/www.mfoto.es\/noticias\/wp-content\/uploads_2012\/271_cal_rfeda_2020_2-300x200.png 300w\" sizes=\"auto, (max-width: 450px) 100vw, 450px\" \/><p id=\"caption-attachment-3683\" class=\"wp-caption-text\">Calendario de pruebas 2020 ACTUALIZADO<\/p><\/div>\n\n\n\n<p>Las nuevas fechas son las siguientes:<\/p>\n\n\n\n<hr class=\"wp-block-separator\"\/>\n\n\n\n<p><strong>CERA \u2013 Campeonato de Espa\u00f1a de Rallyes de Asfalto:<\/strong><br>24-25 JUL \u2013 Rallye de Ourense<br>21-22 AGO \u2013 Rallye de Ferrol<br>02-03 OCT \u2013 <s>Rallye Villa de Llanes<\/s> (suspendido)<br>23-24 OCT \u2013 <s>RallyRACC Catalunya<\/s> (suspendido)<br>23-24 OCT \u2013 Rallye Princesa de Asturias<br>06-07 NOV \u2013 Rallye La Nuc\u00eda<br>26-28 NOV \u2013 Rallye Islas Canarias<br>11-12 DIC \u2013 Rallye Comunidad de Madrid<\/p>\n\n\n\n<hr class=\"wp-block-separator\"\/>\n\n\n\n<p><strong>CERT \u2013 Campeonato de Espa\u00f1a de Rallyes de Tierra:<\/strong><br>06-07 MAR \u2013 Rallye Tierras Altas de Lorca<br>25-26 SEP \u2013 Rallye Terra da Auga<br>16-17 OCT \u2013 <s>Rallye Isla de los Volcanes<\/s>  (suspendido)<br>13-14 NOV \u2013 Rallye Madrid de Tierra<\/p>\n\n\n\n<hr class=\"wp-block-separator\"\/>\n\n\n\n<p><strong>S-CER &#8211; Supercampeonato de Espa\u00f1a de Rallyes<\/strong><br>06-07 MAR \u2013 Rallye Tierras Altas de Lorca<br>21-22 AGO \u2013 Rallye de Ferrol<br>25-26 SEP \u2013 Rallye Terra da Auga<br>23-24 OCT \u2013 <s>RallyRACC Catalunya<\/s> (suspendido)<br>06-07 NOV \u2013 Rallye La Nuc\u00eda<br>13-14 NOV \u2013 Rallye Madrid de Tierra<br>26-28 NOV \u2013 Rallye Islas Canarias<\/p>\n\n\n\n<hr class=\"wp-block-separator\"\/>\n\n\n\n<p><strong>CERVH \u2013 Cto. de Espa\u00f1a de Rallyes de Veh\u00edculos Hist\u00f3ricos:<\/strong><br>10-11 JUL \u2013 Rallye Zamudio (preinsp.)<br>18-19 SEP \u2013 <s>Rallye Avil\u00e9s<\/s> (suspendido)<br>02-03 OCT \u2013 Rallye R\u00edas Altas<br>06-07 NOV \u2013 Rallye La Nuc\u00eda<br>06-07 NOV \u2013 <s>Rallye Extremadura<\/s> (suspendido)<br>27-28 NOV \u2013 <s>Rallye Asturias<\/s> (suspendido)<\/p>\n\n\n\n<hr class=\"wp-block-separator\"\/>\n\n\n\n<p><a rel=\"noreferrer noopener\" href=\"https:\/\/www.mfoto.es\/calendario_2020.pdf\" target=\"_blank\">Descargar calendario 2020 PDF<\/a><\/p>\n\n\n\n<div style=\"height:20px\" aria-hidden=\"true\" class=\"wp-block-spacer\"><\/div>\n\n\n\n<p><\/p>\n","protected":false},"excerpt":{"rendered":"<p>La comisi\u00f3n delegada de la Rfeda ha aprobado el calendario actualizado para reanudar la actividad deportiva. Las nuevas fechas son las siguientes: CERA \u2013 Campeonato de Espa\u00f1a de Rallyes de Asfalto:24-25 JUL \u2013 Rallye de Ourense21-22 AGO \u2013 Rallye de Ferrol02-03 OCT \u2013 Rallye Villa de Llanes (suspendido)23-24 OCT \u2013 RallyRACC Catalunya (suspendido)23-24 OCT \u2013 [&hellip;]<\/p>\n","protected":false},"author":1,"featured_media":0,"comment_status":"closed","ping_status":"closed","sticky":false,"template":"","format":"standard","meta":{"footnotes":""},"categories":[236,144,145,206,5,4,210],"tags":[],"class_list":["post-3682","post","type-post","status-publish","format-standard","hentry","category-236","category-cera","category-cert","category-cervh","category-nacional","category-rallyes","category-supercer"],"_links":{"self":[{"href":"https:\/\/www.mfoto.es\/noticias\/index.php?rest_route=\/wp\/v2\/posts\/3682","targetHints":{"allow":["GET"]}}],"collection":[{"href":"https:\/\/www.mfoto.es\/noticias\/index.php?rest_route=\/wp\/v2\/posts"}],"about":[{"href":"https:\/\/www.mfoto.es\/noticias\/index.php?rest_route=\/wp\/v2\/types\/post"}],"author":[{"embeddable":true,"href":"https:\/\/www.mfoto.es\/noticias\/index.php?rest_route=\/wp\/v2\/users\/1"}],"replies":[{"embeddable":true,"href":"https:\/\/www.mfoto.es\/noticias\/index.php?rest_route=%2Fwp%2Fv2%2Fcomments&post=3682"}],"version-history":[{"count":14,"href":"https:\/\/www.mfoto.es\/noticias\/index.php?rest_route=\/wp\/v2\/posts\/3682\/revisions"}],"predecessor-version":[{"id":3741,"href":"https:\/\/www.mfoto.es\/noticias\/index.php?rest_route=\/wp\/v2\/posts\/3682\/revisions\/3741"}],"wp:attachment":[{"href":"https:\/\/www.mfoto.es\/noticias\/index.php?rest_route=%2Fwp%2Fv2%2Fmedia&parent=3682"}],"wp:term":[{"taxonomy":"category","embeddable":true,"href":"https:\/\/www.mfoto.es\/noticias\/index.php?rest_route=%2Fwp%2Fv2%2Fcategories&post=3682"},{"taxonomy":"post_tag","embeddable":true,"href":"https:\/\/www.mfoto.es\/noticias\/index.php?rest_route=%2Fwp%2Fv2%2Ftags&post=3682"}],"curies":[{"name":"wp","href":"https:\/\/api.w.org\/{rel}","templated":true}]}}