{"id":3665,"date":"2020-03-09T15:33:12","date_gmt":"2020-03-09T14:33:12","guid":{"rendered":"https:\/\/www.mfoto.es\/noticias\/?p=3665"},"modified":"2020-03-10T16:31:32","modified_gmt":"2020-03-10T15:31:32","slug":"nil-solans-y-marc-marti-consiguen-la-victoria-en-lorca","status":"publish","type":"post","link":"https:\/\/www.mfoto.es\/noticias\/?p=3665","title":{"rendered":"Nil Solans y Marc Mart\u00ed consiguen la victoria en Lorca"},"content":{"rendered":"\n<p><img loading=\"lazy\" decoding=\"async\" class=\"alignleft\" src=\"https:\/\/www.mfoto.es\/logos\/foto.gif\" alt=\"\" width=\"50\" height=\"36\"><\/p>\n<p><strong><a href=\"https:\/\/www.mfoto.es\/fotos\/2020\/01_lorca\/\">FOTOS RALLYE TIERRAS ALTAS DE LORCA<\/a><\/strong><\/p>\n<div id=\"attachment_3664\" style=\"width: 460px\" class=\"wp-caption alignnone\"><img loading=\"lazy\" decoding=\"async\" aria-describedby=\"caption-attachment-3664\" class=\"wp-image-3664 size-full\" src=\"https:\/\/www.mfoto.es\/noticias\/wp-content\/uploads_2012\/270_solans_lorca.jpg\" alt=\"\" width=\"450\" height=\"300\" srcset=\"https:\/\/www.mfoto.es\/noticias\/wp-content\/uploads_2012\/270_solans_lorca.jpg 450w, https:\/\/www.mfoto.es\/noticias\/wp-content\/uploads_2012\/270_solans_lorca-300x200.jpg 300w\" sizes=\"auto, (max-width: 450px) 100vw, 450px\" \/><p id=\"caption-attachment-3664\" class=\"wp-caption-text\">Victoria de Solans y Mart\u00ed en Lorca<\/p><\/div>\n\n\n\n<p>Solans y Mart\u00ed se impon\u00edan en el IX Rallye Tierras Altas de Lorca, ganando siete de los ocho tramos cronometrados con un Skoda Fabia R5, les segu\u00edan Pepe L\u00f3pez y Borja Rozada que terminaban a 7.2 segundos con el Citro\u00ebn C3 R5 y los checos Erik Cais y Jindriska Zakova a 1:18.0 con un Ford Fiesta R5 MKII.<\/p>\n\n\n\n<p>El campe\u00f3n Xevi Pons abandonaba por problemas el\u00e9ctricos en su nuevo Ford Fiesta R5 MKII, aunque se reenganchaba por la tarde y terminaba retrasado.<\/p>\n\n\n\n<p>En Dos Ruedas Motrices, Pep Bassas y Axel Coronado no daban opci\u00f3n y ganaban la categor\u00eda con un Peugeot 208 R2. Los dos equipos paraguayos, Fabrizio Zald\u00edvar y Fernando Mussano con Ford Fiesta R2 eran segundos a 2:24.2, y Alvaro Yaluk y Pablo Olmos, terceros a 2:37.8 con un Peugeot 208 R2.<\/p>\n\n\n\n<p>Lorca era la primera cita para el Desaf\u00edo Kumho N3, que terminaba con victoria para Unai Garc\u00eda y Eguzki\u00f1e Enr\u00edquez con Toyota Aygo, la segunda plaza era para Pedro Hern\u00e1ndez y Miguel \u00c1ngel Ramos con Dacia Sandero a 8:50.8, y la tercera para Jos\u00e9 P\u00e9rez-Castej\u00f3n y Carlos Fern\u00e1ndez con Abarth Grande Punto a 14:54.2.<\/p>\n\n\n\n<p>El resto de categor\u00edas las ganaban Erik Cais en pilotos junior, Eduard Ferr\u00e1n L\u00f3pez en copilotos junior, Lorena Romero en copilotos femeninas, Guerra-Sosa en N5, Bassas-Coronado en R2, Segalas-Romero en N3 y Solans-Mart\u00ed en R5.<\/p>\n\n\n\n<p>La siguiente prueba del CERT ser\u00e1 el Rallye Ciudad de Pozoblanco, los d\u00edas 17 y 18 de abril.<\/p>\n\n\n\n<div style=\"height:20px\" aria-hidden=\"true\" class=\"wp-block-spacer\"><\/div>\n\n\n\n<hr class=\"wp-block-separator\"\/>\n\n\n\n<p><strong>Clasificaciones IX Rallye Tierras Altas de Lorca 2020:<\/strong><\/p>\n\n\n\n<p><strong>Clasificaci\u00f3n CERT:<\/strong><br> 1\u00ba Solans-Mart\u00ed (Skoda Fabia R5) 1:02:06.7<br> 2\u00ba L\u00f3pez-Rozada    (Citro\u00ebn C3 R5) +7.2<br> 3\u00ba Cais-Zakova (Ford Fiesta R5 MkII) +1:18.0<br> 4\u00ba Villanueva-Amigo (Skoda Fabia R5) +2:25.2<br> 5\u00ba Eizmendi-Sanjuan (Skoda Fabia R5) +3:14.4<\/p>\n\n\n\n<p><strong>Clasificaci\u00f3n S-CER:<\/strong><br> 1\u00ba Solans-Mart\u00ed (Skoda Fabia R5) 1:02:06.7<br> 2\u00ba L\u00f3pez-Rozada    (Citro\u00ebn C3 R5) +7.2<br> 3\u00ba Pons-Chamorro (Skoda Fabia R5) +5:18.7<br> 4\u00ba Bassas-Coronado (Peugeot 208 VTI R2) +6:26.7<br> 5\u00ba Sosa-Pe\u00f1ate (Skoda Fabia R5) +7:03.8<\/p>\n\n\n\n<hr class=\"wp-block-separator\"\/>\n","protected":false},"excerpt":{"rendered":"<p>FOTOS RALLYE TIERRAS ALTAS DE LORCA Solans y Mart\u00ed se impon\u00edan en el IX Rallye Tierras Altas de Lorca, ganando siete de los ocho tramos cronometrados con un Skoda Fabia R5, les segu\u00edan Pepe L\u00f3pez y Borja Rozada que terminaban a 7.2 segundos con el Citro\u00ebn C3 R5 y los checos Erik Cais y Jindriska [&hellip;]<\/p>\n","protected":false},"author":1,"featured_media":0,"comment_status":"closed","ping_status":"closed","sticky":false,"template":"","format":"standard","meta":{"footnotes":""},"categories":[236,232,228,145,91,162,209,191,5,99,4,123,237,210,19,138],"tags":[],"class_list":["post-3665","post","type-post","status-publish","format-standard","hentry","category-236","category-bassas","category-cais","category-cert","category-eizmendi","category-lopez","category-lorca","category-murcia","category-nacional","category-pons","category-rallyes","category-solans","category-sosa","category-supercer","category-tierra","category-villanueva"],"_links":{"self":[{"href":"https:\/\/www.mfoto.es\/noticias\/index.php?rest_route=\/wp\/v2\/posts\/3665","targetHints":{"allow":["GET"]}}],"collection":[{"href":"https:\/\/www.mfoto.es\/noticias\/index.php?rest_route=\/wp\/v2\/posts"}],"about":[{"href":"https:\/\/www.mfoto.es\/noticias\/index.php?rest_route=\/wp\/v2\/types\/post"}],"author":[{"embeddable":true,"href":"https:\/\/www.mfoto.es\/noticias\/index.php?rest_route=\/wp\/v2\/users\/1"}],"replies":[{"embeddable":true,"href":"https:\/\/www.mfoto.es\/noticias\/index.php?rest_route=%2Fwp%2Fv2%2Fcomments&post=3665"}],"version-history":[{"count":6,"href":"https:\/\/www.mfoto.es\/noticias\/index.php?rest_route=\/wp\/v2\/posts\/3665\/revisions"}],"predecessor-version":[{"id":3672,"href":"https:\/\/www.mfoto.es\/noticias\/index.php?rest_route=\/wp\/v2\/posts\/3665\/revisions\/3672"}],"wp:attachment":[{"href":"https:\/\/www.mfoto.es\/noticias\/index.php?rest_route=%2Fwp%2Fv2%2Fmedia&parent=3665"}],"wp:term":[{"taxonomy":"category","embeddable":true,"href":"https:\/\/www.mfoto.es\/noticias\/index.php?rest_route=%2Fwp%2Fv2%2Fcategories&post=3665"},{"taxonomy":"post_tag","embeddable":true,"href":"https:\/\/www.mfoto.es\/noticias\/index.php?rest_route=%2Fwp%2Fv2%2Ftags&post=3665"}],"curies":[{"name":"wp","href":"https:\/\/api.w.org\/{rel}","templated":true}]}}