{"id":3621,"date":"2019-11-25T16:11:51","date_gmt":"2019-11-25T15:11:51","guid":{"rendered":"https:\/\/www.mfoto.es\/noticias\/?p=3621"},"modified":"2019-11-26T20:18:14","modified_gmt":"2019-11-26T19:18:14","slug":"ivan-ares-gana-en-madrid-y-pepe-lopez-se-lleva-el-s-cer","status":"publish","type":"post","link":"https:\/\/www.mfoto.es\/noticias\/?p=3621","title":{"rendered":"Iv\u00e1n Ares gana en Madrid y Pepe L\u00f3pez se lleva el S-CER"},"content":{"rendered":"\n<p><img loading=\"lazy\" decoding=\"async\" class=\"alignleft\" src=\"https:\/\/www.mfoto.es\/logos\/foto.gif\" alt=\"\" width=\"50\" height=\"36\"><\/p>\n<p><strong><a href=\"https:\/\/www.mfoto.es\/fotos\/2019\/18_madrid\/\">FOTOS RALLY COMUNIDAD DE MADRID<\/a><\/strong><\/p>\n<div id=\"attachment_3622\" style=\"width: 460px\" class=\"wp-caption alignnone\"><img loading=\"lazy\" decoding=\"async\" aria-describedby=\"caption-attachment-3622\" class=\"wp-image-3622 size-full\" src=\"https:\/\/www.mfoto.es\/noticias\/wp-content\/uploads_2012\/266_ares_madrid.jpg\" alt=\"\" width=\"450\" height=\"300\" srcset=\"https:\/\/www.mfoto.es\/noticias\/wp-content\/uploads_2012\/266_ares_madrid.jpg 450w, https:\/\/www.mfoto.es\/noticias\/wp-content\/uploads_2012\/266_ares_madrid-300x200.jpg 300w\" sizes=\"auto, (max-width: 450px) 100vw, 450px\" \/><p id=\"caption-attachment-3622\" class=\"wp-caption-text\">Iv\u00e1n Ares y David V\u00e1zquez ganaban en Madrid<\/p><\/div>\n\n\n\n<p>El Rally Comunidad de Madrid-RACE serv\u00eda para cerrar la temporada de asfalto, con un formato at\u00edpico que no convenc\u00eda a muchos por el alto porcentaje de circuito en el kilometraje de la prueba. El viernes se disputaron a doble pasada los tramos del Puerto de la Puebla y El Berrueco con un tiempo infernal y una pasada al Circuito del Jarama, el resto, otras tres pasadas al Jarama, se disputaban la ma\u00f1ana del s\u00e1bado en diferentes configuraciones.<\/p>\n\n\n\n<p>Iv\u00e1n Ares y David V\u00e1zquez desde el tercer tramo tomaban el liderato y terminaban en primera posici\u00f3n con el Hyundai i20 R5, asegurando el t\u00edtulo de marcas para Hyundai.<\/p>\n\n\n\n<div style=\"height:20px\" aria-hidden=\"true\" class=\"wp-block-spacer\"><\/div>\n\n\n\n<div id=\"attachment_3623\" style=\"width: 460px\" class=\"wp-caption alignnone\"><img loading=\"lazy\" decoding=\"async\" aria-describedby=\"caption-attachment-3623\" class=\"wp-image-3623 size-full\" src=\"https:\/\/www.mfoto.es\/noticias\/wp-content\/uploads_2012\/267_lopez_madrid.jpg\" alt=\"\" width=\"450\" height=\"300\" srcset=\"https:\/\/www.mfoto.es\/noticias\/wp-content\/uploads_2012\/267_lopez_madrid.jpg 450w, https:\/\/www.mfoto.es\/noticias\/wp-content\/uploads_2012\/267_lopez_madrid-300x200.jpg 300w\" sizes=\"auto, (max-width: 450px) 100vw, 450px\" \/><p id=\"caption-attachment-3623\" class=\"wp-caption-text\">Pepe L\u00f3pez y Borja Rozada consegu\u00edan el S\u00faper Campeonato<\/p><\/div>\n\n\n\n<p>En segunda posici\u00f3n, a 5.1 segundos, terminaban Pepe L\u00f3pez y Borja Rozada con el Citro\u00ebn C3 R5, tras aprovechar las pasadas al Jarama para recuperar posiciones sin cometer errores y beneficiarse de un pinchazo de Pern\u00eda. Este resultado sirve para que Pepe L\u00f3pez y Borja Rozada se proclamen ganadores del S\u00faper Campeonato 2019.<\/p>\n\n\n\n<p>La tercera plaza era para Xevi Pons y Rodrigo Sanjuan con el Skoda Fabia R5 a 34.4 segundos.<\/p>\n\n\n\n<p>A Madrid acud\u00edan casi todas las copas de promoci\u00f3n, la Peugeot Rally Cup Ib\u00e9rica con victoria de Daniel Berdom\u00e1s y David Rivero, segundos a 1.2, Pedro Antunes y Paulo L\u00f3pez y terceros Carlos Manuel Pedroso y Valter Cardoso a 49 segundos.<\/p>\n\n\n\n<p>Oscar Sarabia y Juan Antonio Dertiano ganaban en la Copa Suzuki Swift, les segu\u00edan David Cort\u00e9s y David Gonz\u00e1lez a 17.3 y Miguel Garc\u00eda y Laura Salv\u00f3 a 29.3 segundos. <\/p>\n\n\n\n<p>En el apartado junior los ganadores eran los canarios Pablo Medina y Ariday Bonilla, seguidos a 10 segundos por Unai de la Dehesa y Alain Pe\u00f1a y por Aaron Zorrilla y Jairo G\u00f3mez a 22 segundos.<\/p>\n\n\n\n<p>Sergi Francol\u00ed y Maria Salv\u00f3 se impon\u00edan en la Beca Junior R2, con Josep Bassas y Manuel Mu\u00f1oz a 14.7 segundos y Oscar Palomo y Javier Mart\u00ednez a m\u00e1s de tres minutos, todos con Peugeot 208 R2.<\/p>\n\n\n\n<p>La Copa N5 RMC era liderada por Fernando Compaire y Helena Carrasco con un Ford Fiesta, Angel Paniceres y Francisco Javier Alvarez eran segundos a 1:20.6 con un Kia Rio y la tercera plaza era para Freddy Tam\u00e9s y Ram\u00f3n Su\u00e1rez a 1:33.3 con Ford Fiesta.<\/p>\n\n\n\n<p>Unai Garc\u00eda y Eguzki\u00f1e Enr\u00edquez ganaban la Copa Toyota Kobe Motor, en segunda posici\u00f3n terminaban Alejandro Mart\u00edn y Kevin Pe\u00f1ate y en la tercera Sergio L\u00f3pez y Sergio Gallego, todos con Toyota Aygo. La clasificaci\u00f3n junior Beca U24 era encabezada por Alejandro Mart\u00edn y Kevin Pe\u00f1ate.<\/p>\n\n\n\n<p>A destacar la participaci\u00f3n del equipo Peugeot Rally Academy, estrenando en competici\u00f3n el nuevo Peugeot 208 Rallye 4, que a\u00fan est\u00e1 sin homologar y no puntuaba para la clasificaci\u00f3n final. A pesar de ir probando reglajes, Efr\u00e9n Llarena y Sara Fern\u00e1ndez consegu\u00edan muy buenos tiempos.<\/p>\n\n\n\n<p>Tambi\u00e9n se produc\u00eda el retorno de Cristian Garc\u00eda, con el VW Polo R5 de Teo Mart\u00edn, con el que finalizaba el quinta posici\u00f3n tras ir mejorando los tiempos.<\/p>\n\n\n\n<div style=\"height:20px\" aria-hidden=\"true\" class=\"wp-block-spacer\"><\/div>\n\n\n\n<hr class=\"wp-block-separator\"\/>\n\n\n\n<p><strong>Clasificaci\u00f3n X Rally Comunidad de Madrid\u2013RACE 2019:<\/strong><\/p>\n\n\n\n<p><strong>Clasificaci\u00f3n CERA:<\/strong><br> 1\u00ba Ares-V\u00e1zquez (Hyundai i20 R5) 1:12:24.6<br> 2\u00ba L\u00f3pez-Rozada (Citro\u00ebn C3 R5) + 5.1<br> 3\u00ba Pons-Sanjuan (Skoda Fabia R5) +34.4<br> 4\u00ba Pern\u00eda-S\u00e1nchez (Hyundai i20 R5) +47.8<br> 5\u00ba Garc\u00eda-Gonz\u00e1lez (VW Polo R5) +1:00.2<\/p>\n\n\n\n<p><strong>Clasificaci\u00f3n S-CER:<\/strong><br> 1\u00ba L\u00f3pez-Rozada (Citro\u00ebn C3 R5)    1:12:29.7<br> 2\u00ba Pons-Sanjuan (Skoda Fabia R5) +29.3<br> 3\u00ba Pern\u00eda-S\u00e1nchez (Hyundai i20 R5) +42.7    <br> 4\u00ba Garc\u00eda-Gonz\u00e1lez (VW Polo R5) +55.1    <br> 5\u00ba Quintana-Pe\u00f1ate  (Citro\u00ebn DS3 N5) +6:16.5<\/p>\n\n\n\n<hr class=\"wp-block-separator\"\/>\n","protected":false},"excerpt":{"rendered":"<p>FOTOS RALLY COMUNIDAD DE MADRID El Rally Comunidad de Madrid-RACE serv\u00eda para cerrar la temporada de asfalto, con un formato at\u00edpico que no convenc\u00eda a muchos por el alto porcentaje de circuito en el kilometraje de la prueba. El viernes se disputaron a doble pasada los tramos del Puerto de la Puebla y El Berrueco [&hellip;]<\/p>\n","protected":false},"author":1,"featured_media":0,"comment_status":"closed","ping_status":"closed","sticky":false,"template":"","format":"standard","meta":{"footnotes":""},"categories":[205,218,141,232,192,144,235,208,234,146,163,162,34,5,97,197,99,207,4,222,210,233],"tags":[],"class_list":["post-3621","post","type-post","status-publish","format-standard","hentry","category-205","category-antunes","category-ares","category-bassas","category-beka_r2","category-cera","category-compaire","category-copa-n5","category-francoli","category-garcia","category-llarena","category-lopez","category-madrid","category-nacional","category-pernia","category-peugeot-rally-cup-iberica","category-pons","category-quintana","category-rallyes","category-sarabia","category-supercer","category-tames"],"_links":{"self":[{"href":"https:\/\/www.mfoto.es\/noticias\/index.php?rest_route=\/wp\/v2\/posts\/3621","targetHints":{"allow":["GET"]}}],"collection":[{"href":"https:\/\/www.mfoto.es\/noticias\/index.php?rest_route=\/wp\/v2\/posts"}],"about":[{"href":"https:\/\/www.mfoto.es\/noticias\/index.php?rest_route=\/wp\/v2\/types\/post"}],"author":[{"embeddable":true,"href":"https:\/\/www.mfoto.es\/noticias\/index.php?rest_route=\/wp\/v2\/users\/1"}],"replies":[{"embeddable":true,"href":"https:\/\/www.mfoto.es\/noticias\/index.php?rest_route=%2Fwp%2Fv2%2Fcomments&post=3621"}],"version-history":[{"count":9,"href":"https:\/\/www.mfoto.es\/noticias\/index.php?rest_route=\/wp\/v2\/posts\/3621\/revisions"}],"predecessor-version":[{"id":3634,"href":"https:\/\/www.mfoto.es\/noticias\/index.php?rest_route=\/wp\/v2\/posts\/3621\/revisions\/3634"}],"wp:attachment":[{"href":"https:\/\/www.mfoto.es\/noticias\/index.php?rest_route=%2Fwp%2Fv2%2Fmedia&parent=3621"}],"wp:term":[{"taxonomy":"category","embeddable":true,"href":"https:\/\/www.mfoto.es\/noticias\/index.php?rest_route=%2Fwp%2Fv2%2Fcategories&post=3621"},{"taxonomy":"post_tag","embeddable":true,"href":"https:\/\/www.mfoto.es\/noticias\/index.php?rest_route=%2Fwp%2Fv2%2Ftags&post=3621"}],"curies":[{"name":"wp","href":"https:\/\/api.w.org\/{rel}","templated":true}]}}