{"id":3495,"date":"2019-06-24T14:14:17","date_gmt":"2019-06-24T13:14:17","guid":{"rendered":"http:\/\/www.mfoto.es\/noticias\/?p=3495"},"modified":"2019-06-24T18:26:44","modified_gmt":"2019-06-24T17:26:44","slug":"ares-gana-el-rali-do-cocido-y-lidera-el-campeonato","status":"publish","type":"post","link":"https:\/\/www.mfoto.es\/noticias\/?p=3495","title":{"rendered":"Ares gana el Rali do Cocido y lidera el campeonato"},"content":{"rendered":"\n<div id=\"attachment_3504\" style=\"width: 460px\" class=\"wp-caption alignnone\"><img loading=\"lazy\" decoding=\"async\" aria-describedby=\"caption-attachment-3504\" class=\"wp-image-3504 size-full\" src=\"https:\/\/www.mfoto.es\/noticias\/wp-content\/uploads_2012\/254_ares_cocido_.jpg\" alt=\"\" width=\"450\" height=\"300\" srcset=\"https:\/\/www.mfoto.es\/noticias\/wp-content\/uploads_2012\/254_ares_cocido_.jpg 450w, https:\/\/www.mfoto.es\/noticias\/wp-content\/uploads_2012\/254_ares_cocido_-300x200.jpg 300w\" sizes=\"auto, (max-width: 450px) 100vw, 450px\" \/><p id=\"caption-attachment-3504\" class=\"wp-caption-text\">Ares y V\u00e1zquez ganaban el Rali do Cocido &#8211; FOTO: C\u00e9sar Rodr\u00edguez<\/p><\/div>\n\n\n\n<p>Iv\u00e1n Ares y David V\u00e1zquez ganaban el Rali do Cocido con el Hyundai i20 R5, ganando diez tramos de los trece que se disputaron y llev\u00e1ndose tambi\u00e9n los puntos del TC Plus.<\/p>\n\n\n\n<p>Su principal rival, el madrile\u00f1o Pepe L\u00f3pez, se sal\u00eda con el Citro\u00ebn C3 R5 y quedaba atascado sin poder devolver el coche a la carretera, en la segunda pasada al tramo de Saborida.<\/p>\n\n\n\n<p>Antes del abandono de L\u00f3pez, Ares hab\u00eda pinchado y estaba atacando para alcanzar al Citro\u00ebn, ya que en ese momento era el l\u00edder con diez segundos de ventaja.<\/p>\n\n\n\n<p>La segunda plaza, a poco m\u00e1s de un minuto, era para Surhayen Pern\u00eda y Alba S\u00e1nchez con un Huyndai i20 R5, con el que hicieron un scratch en el tramo espect\u00e1culo de Lal\u00edn el viernes y la tercera la ocupaban Javier Pardo y Adri\u00e1n P\u00e9rez con el Suzuki Swift R+ a 1:38.7.<\/p>\n\n\n\n<p>Con este resultado, Ares pasa a encabezar la clasificaci\u00f3n del campeonato con 142 puntos, por delante de Pern\u00eda con 141 y Pepe L\u00f3pez con 112, a falta de llegar al ecuador del certamen el mes que viene en Ferrol.<\/p>\n\n\n\n<p>El Rali do Cocido era la segunda prueba de la temporada para la Copa Suzuki y de nuevo se impon\u00edan los c\u00e1ntabros Oscar Sarabia y Juan Antonio Dertiano, ganando todos los tramos excepto el \u00faltimo, en el que empez\u00f3 a llover y no quisieron arriesgar. Por detr\u00e1s estaban los equipos locales de David Cort\u00e9s y Ruben Soto a 1:19.2 y Juan Carlos Castro y Brais Mir\u00f3n a 1:36.6.<\/p>\n\n\n\n<p>En el apartado junior de la Copa Suzuki, la victoria era para los c\u00e1ntabros Aar\u00f3n Zorrilla y Jairo G\u00f3mez.<\/p>\n\n\n\n<p>La pr\u00f3xima prueba del Campeonato de Espa\u00f1a de rallyes de Asfalto ser\u00e1 el Rallye de Ferrol, que celebrar\u00e1 su 50 aniversario, los d\u00edas 19 y 20 de Julio.<\/p>\n\n\n\n<div style=\"height:20px\" aria-hidden=\"true\" class=\"wp-block-spacer\"><\/div>\n\n\n\n<hr class=\"wp-block-separator\"\/>\n\n\n\n<p><strong>Clasificaci\u00f3n XXV Rali do Cocido 2019:<\/strong><\/p>\n\n\n\n<p>1\u00ba Ares-Vazquez    (Hyundai i20 R5) 1:29:58.0<br>\n2\u00ba Pern\u00eda-S\u00e1nchez (Hyundai i20 R5) +1:03.2<br>\n3\u00ba Pardo-P\u00e9rez (Suzuki Swift R+)+1:38.7<br>\n4\u00ba Vinyes-Mercader (Suzuki Swift R+) +2:09.6<br>\n5\u00ba Mac\u00edas-Alvarez (Subaru WRX STi) +7:01.7<\/p>\n\n\n\n<hr class=\"wp-block-separator\"\/>\n\n\n\n<div style=\"height:20px\" aria-hidden=\"true\" class=\"wp-block-spacer\"><\/div>\n","protected":false},"excerpt":{"rendered":"<p>Iv\u00e1n Ares y David V\u00e1zquez ganaban el Rali do Cocido con el Hyundai i20 R5, ganando diez tramos de los trece que se disputaron y llev\u00e1ndose tambi\u00e9n los puntos del TC Plus. Su principal rival, el madrile\u00f1o Pepe L\u00f3pez, se sal\u00eda con el Citro\u00ebn C3 R5 y quedaba atascado sin poder devolver el coche a [&hellip;]<\/p>\n","protected":false},"author":1,"featured_media":0,"comment_status":"closed","ping_status":"closed","sticky":false,"template":"","format":"standard","meta":{"footnotes":""},"categories":[205,141,144,64,162,5,187,97,4,222,72],"tags":[],"class_list":["post-3495","post","type-post","status-publish","format-standard","hentry","category-205","category-ares","category-cera","category-galicia","category-lopez","category-nacional","category-pardo","category-pernia","category-rallyes","category-sarabia","category-vinyes"],"_links":{"self":[{"href":"https:\/\/www.mfoto.es\/noticias\/index.php?rest_route=\/wp\/v2\/posts\/3495","targetHints":{"allow":["GET"]}}],"collection":[{"href":"https:\/\/www.mfoto.es\/noticias\/index.php?rest_route=\/wp\/v2\/posts"}],"about":[{"href":"https:\/\/www.mfoto.es\/noticias\/index.php?rest_route=\/wp\/v2\/types\/post"}],"author":[{"embeddable":true,"href":"https:\/\/www.mfoto.es\/noticias\/index.php?rest_route=\/wp\/v2\/users\/1"}],"replies":[{"embeddable":true,"href":"https:\/\/www.mfoto.es\/noticias\/index.php?rest_route=%2Fwp%2Fv2%2Fcomments&post=3495"}],"version-history":[{"count":6,"href":"https:\/\/www.mfoto.es\/noticias\/index.php?rest_route=\/wp\/v2\/posts\/3495\/revisions"}],"predecessor-version":[{"id":3508,"href":"https:\/\/www.mfoto.es\/noticias\/index.php?rest_route=\/wp\/v2\/posts\/3495\/revisions\/3508"}],"wp:attachment":[{"href":"https:\/\/www.mfoto.es\/noticias\/index.php?rest_route=%2Fwp%2Fv2%2Fmedia&parent=3495"}],"wp:term":[{"taxonomy":"category","embeddable":true,"href":"https:\/\/www.mfoto.es\/noticias\/index.php?rest_route=%2Fwp%2Fv2%2Fcategories&post=3495"},{"taxonomy":"post_tag","embeddable":true,"href":"https:\/\/www.mfoto.es\/noticias\/index.php?rest_route=%2Fwp%2Fv2%2Ftags&post=3495"}],"curies":[{"name":"wp","href":"https:\/\/api.w.org\/{rel}","templated":true}]}}