{"id":343,"date":"2010-06-27T09:25:17","date_gmt":"2010-06-27T08:25:17","guid":{"rendered":"http:\/\/www.mfoto.es\/2011\/?p=343"},"modified":"2010-06-27T09:25:17","modified_gmt":"2010-06-27T08:25:17","slug":"espectaculo-en-el-legend-hictoric-rally-de-cantabria","status":"publish","type":"post","link":"https:\/\/www.mfoto.es\/noticias\/?p=343","title":{"rendered":"Espect\u00e1culo en el Legend Hictoric Rally de Cantabria"},"content":{"rendered":"<p><img loading=\"lazy\" decoding=\"async\" class=\"alignleft\" alt=\"\" src=\"https:\/\/www.mfoto.es\/logos\/foto.gif\" width=\"50\" height=\"36\" \/><\/p>\n<p><a href=\"https:\/\/www.mfoto.es\/fotos\/2010\/26_legend\/index.html\">VER FOTOS DEL RALLYE LEGEND CANTABRIA<\/a><\/p>\n<p><img loading=\"lazy\" decoding=\"async\" class=\"alignnone size-full wp-image-344\" title=\"042_sainz_legend\" alt=\"\" src=\"https:\/\/www.mfoto.es\/noticias\/wp-content\/uploads_2012\/042_sainz_legend.jpg\" width=\"450\" height=\"299\" srcset=\"https:\/\/www.mfoto.es\/noticias\/wp-content\/uploads_2012\/042_sainz_legend.jpg 450w, https:\/\/www.mfoto.es\/noticias\/wp-content\/uploads_2012\/042_sainz_legend-300x199.jpg 300w\" sizes=\"auto, (max-width: 450px) 100vw, 450px\" \/><\/p>\n<p>En la parte deportiva, Antonio Sainz se llevaba la victoria con su Ford Escort MKII en la categor\u00eda de Velocidad y en Regularidad la victoria era para Jos\u00e9 Otegui con un Porsche 911 Carrera.<\/p>\n<p>Sin embargo, lo m\u00e1s esperado de esta prueba eran los veh\u00edculos de Gr.B, entre los que se pudo ver a varios Lancia 037, Lancia Stratos, Lancia S4, Peugeot 205 Turbo 16, Audi Quattro y Renault 5 Turbo.<br \/>\nTambi\u00e9n se pudieron ver varios Fiat 131 Abarth, Lancia Integrale Gr.A, Porsche 911 y Opel Kadett.<\/p>\n<p>El lujo de poder ver en directo a un mont\u00f3n de veh\u00edculos cl\u00e1sicos de competici\u00f3n no tiene precio.<\/p>\n","protected":false},"excerpt":{"rendered":"<p>VER FOTOS DEL RALLYE LEGEND CANTABRIA En la parte deportiva, Antonio Sainz se llevaba la victoria con su Ford Escort MKII en la categor\u00eda de Velocidad y en Regularidad la victoria era para Jos\u00e9 Otegui con un Porsche 911 Carrera. Sin embargo, lo m\u00e1s esperado de esta prueba eran los veh\u00edculos de Gr.B, entre los [&hellip;]<\/p>\n","protected":false},"author":1,"featured_media":0,"comment_status":"closed","ping_status":"closed","sticky":false,"template":"","format":"standard","meta":{"footnotes":""},"categories":[10,16,5,4,13],"tags":[],"class_list":["post-343","post","type-post","status-publish","format-standard","hentry","category-cantabria","category-clasicos","category-nacional","category-rallyes","category-regularidad"],"_links":{"self":[{"href":"https:\/\/www.mfoto.es\/noticias\/index.php?rest_route=\/wp\/v2\/posts\/343","targetHints":{"allow":["GET"]}}],"collection":[{"href":"https:\/\/www.mfoto.es\/noticias\/index.php?rest_route=\/wp\/v2\/posts"}],"about":[{"href":"https:\/\/www.mfoto.es\/noticias\/index.php?rest_route=\/wp\/v2\/types\/post"}],"author":[{"embeddable":true,"href":"https:\/\/www.mfoto.es\/noticias\/index.php?rest_route=\/wp\/v2\/users\/1"}],"replies":[{"embeddable":true,"href":"https:\/\/www.mfoto.es\/noticias\/index.php?rest_route=%2Fwp%2Fv2%2Fcomments&post=343"}],"version-history":[{"count":0,"href":"https:\/\/www.mfoto.es\/noticias\/index.php?rest_route=\/wp\/v2\/posts\/343\/revisions"}],"wp:attachment":[{"href":"https:\/\/www.mfoto.es\/noticias\/index.php?rest_route=%2Fwp%2Fv2%2Fmedia&parent=343"}],"wp:term":[{"taxonomy":"category","embeddable":true,"href":"https:\/\/www.mfoto.es\/noticias\/index.php?rest_route=%2Fwp%2Fv2%2Fcategories&post=343"},{"taxonomy":"post_tag","embeddable":true,"href":"https:\/\/www.mfoto.es\/noticias\/index.php?rest_route=%2Fwp%2Fv2%2Ftags&post=343"}],"curies":[{"name":"wp","href":"https:\/\/api.w.org\/{rel}","templated":true}]}}