{"id":3397,"date":"2019-04-29T09:43:22","date_gmt":"2019-04-29T08:43:22","guid":{"rendered":"http:\/\/www.mfoto.es\/noticias\/?p=3397"},"modified":"2019-04-29T09:46:20","modified_gmt":"2019-04-29T08:46:20","slug":"pons-consigue-otra-victoria-en-navarra","status":"publish","type":"post","link":"https:\/\/www.mfoto.es\/noticias\/?p=3397","title":{"rendered":"Pons consigue otra victoria en Navarra"},"content":{"rendered":"<p><img loading=\"lazy\" decoding=\"async\" class=\"alignleft\" src=\"https:\/\/www.mfoto.es\/logos\/foto.gif\" alt=\"\" width=\"50\" height=\"36\" \/><\/p>\n<p><strong><a href=\"https:\/\/www.mfoto.es\/fotos\/2019\/04_navarra\/\">FOTOS RALLY CIRCUITO DE NAVARRA<\/a><\/strong><\/p>\n<div id=\"attachment_3400\" style=\"width: 460px\" class=\"wp-caption alignnone\"><img loading=\"lazy\" decoding=\"async\" aria-describedby=\"caption-attachment-3400\" class=\"wp-image-3385 size-full\" src=\"https:\/\/www.mfoto.es\/noticias\/wp-content\/uploads_2012\/245_pons_navarra.jpg\" alt=\"\" width=\"450\" height=\"300\" \/><p id=\"caption-attachment-3400\" class=\"wp-caption-text\">Pons consigue otra victoria en el CERT<\/p><\/div>\n<p>Xevi Pons y Rodrigo Sanjuan se anotaban en Navarra otra victoria en el Campeonato de Espa\u00f1a de Rallyes de Tierra y ya van tres seguidas. En esta ocasi\u00f3n lo hac\u00eda a bordo de un Ford Fiesta R5 de RMC, debido al traslado a Canarias de su habitual Skoda Fabia R5 para la pr\u00f3xima prueba del Supercampeonato.<\/p>\n<p>Javier Pardo y Adri\u00e1n P\u00e9rez empezaron marcando los mejores tiempos con el Skoda Fabia R5, pero en el tercer tramo romp\u00edan un brazo de suspensi\u00f3n y se retiraban para reincoporarse tras la reparaci\u00f3n en los tramos de la tarde. A pesar de eso hicieron seis mejores tiempos de los nueve tramos del rallye y terminaron en la d\u00e9cima plaza.<\/p>\n<p>La segunda plaza del podio era para Josep Basols y Xavier Amigo con Skoda Fabia R5 a 1:01, beneficiados por un pinchazo de Eizmendi en el pen\u00faltimo tramo. Gorka Eizmendi y Diego Sanjuan terminaban terceros con el Ford Fiesta R5 a 1:29.1.<\/p>\n<p>En la categor\u00eda de Dos Ruedas Motrices, victoria para Jose Luis Pel\u00e1ez por delante de Jordi Nualart y de Manuel G\u00f3mez-Manzanilla, los tres con Peugeot 208 R2.<\/p>\n<p>En la Copa Kobe Motor con los Toyota Aygo, regreso con victoria de Unai Garc\u00eda y Eguzki\u00f1e Enr\u00edquez, segunda plaza para los canarios Martin y Pe\u00f1ate y la tercera para Jonathan G\u00f3mez y Aitor Cortazar.<\/p>\n<p>El Desaf\u00edo Kumho N3 Rally Cup lo ganaban Kevin Guerra y Dani Sosa con Skoda Fabia 1.2, Jos\u00e9 \u00c1lvarez y \u00c1ngel Vela eran segundos con Suzuki Swift e Iv\u00e1n Arenas y Miguel \u00c1ngel L\u00e1zaro, terceros con un Abarth Grande Punto.<\/p>\n<p>Tambi\u00e9n estaba presente la Copa Dacia Sandero, que acab\u00f3 con victoria de Juan Manuel Freire y Jose Ca\u00f1as, segunda posici\u00f3n para David Quijada y David Fern\u00e1ndez y la tercera para Jos\u00e9 Frade y Pablo S\u00e1nchez.<\/p>\n<p>La pr\u00f3xima prueba del CERT ser\u00e1 el Rallye Terra da Auga en la comarca de Arz\u00faa en A Coru\u00f1a, los d\u00edas 24 y 25 de Mayo.<\/p>\n<hr \/>\n<p><strong>Clasificaci\u00f3n 5\u00ba Rally de Tierra Circuito de Navarra 2019:<\/strong><\/p>\n<p>1\u00ba Pons-Sanjuan (Ford Fiesta R5) 1:05:57.0<br \/>\n2\u00ba Basols-Amigo (Skoda Fabia R5) +1:01.0<br \/>\n3\u00ba Eizmendi-Sanjuan (Ford Fiesta R5) +1:29.1<br \/>\n4\u00ba Sosa-L\u00f3pez (Skoda Fabia R5) +3:16.0<br \/>\n5\u00ba Sansonas-Snitkas (Citro\u00ebn C3 N5) +3:17.6<\/p>\n<hr \/>\n","protected":false},"excerpt":{"rendered":"<p>FOTOS RALLY CIRCUITO DE NAVARRA Xevi Pons y Rodrigo Sanjuan se anotaban en Navarra otra victoria en el Campeonato de Espa\u00f1a de Rallyes de Tierra y ya van tres seguidas. En esta ocasi\u00f3n lo hac\u00eda a bordo de un Ford Fiesta R5 de RMC, debido al traslado a Canarias de su habitual Skoda Fabia R5 [&hellip;]<\/p>\n","protected":false},"author":1,"featured_media":0,"comment_status":"closed","ping_status":"closed","sticky":false,"template":"","format":"standard","meta":{"footnotes":""},"categories":[205,161,145,5,41,187,188,99,4,19],"tags":[],"class_list":["post-3397","post","type-post","status-publish","format-standard","hentry","category-205","category-basols","category-cert","category-nacional","category-navarra","category-pardo","category-pelaez","category-pons","category-rallyes","category-tierra"],"_links":{"self":[{"href":"https:\/\/www.mfoto.es\/noticias\/index.php?rest_route=\/wp\/v2\/posts\/3397","targetHints":{"allow":["GET"]}}],"collection":[{"href":"https:\/\/www.mfoto.es\/noticias\/index.php?rest_route=\/wp\/v2\/posts"}],"about":[{"href":"https:\/\/www.mfoto.es\/noticias\/index.php?rest_route=\/wp\/v2\/types\/post"}],"author":[{"embeddable":true,"href":"https:\/\/www.mfoto.es\/noticias\/index.php?rest_route=\/wp\/v2\/users\/1"}],"replies":[{"embeddable":true,"href":"https:\/\/www.mfoto.es\/noticias\/index.php?rest_route=%2Fwp%2Fv2%2Fcomments&post=3397"}],"version-history":[{"count":8,"href":"https:\/\/www.mfoto.es\/noticias\/index.php?rest_route=\/wp\/v2\/posts\/3397\/revisions"}],"predecessor-version":[{"id":3422,"href":"https:\/\/www.mfoto.es\/noticias\/index.php?rest_route=\/wp\/v2\/posts\/3397\/revisions\/3422"}],"wp:attachment":[{"href":"https:\/\/www.mfoto.es\/noticias\/index.php?rest_route=%2Fwp%2Fv2%2Fmedia&parent=3397"}],"wp:term":[{"taxonomy":"category","embeddable":true,"href":"https:\/\/www.mfoto.es\/noticias\/index.php?rest_route=%2Fwp%2Fv2%2Fcategories&post=3397"},{"taxonomy":"post_tag","embeddable":true,"href":"https:\/\/www.mfoto.es\/noticias\/index.php?rest_route=%2Fwp%2Fv2%2Ftags&post=3397"}],"curies":[{"name":"wp","href":"https:\/\/api.w.org\/{rel}","templated":true}]}}