{"id":335,"date":"2010-06-20T18:13:16","date_gmt":"2010-06-20T17:13:16","guid":{"rendered":"http:\/\/www.mfoto.es\/2011\/?p=335"},"modified":"2010-06-20T18:13:16","modified_gmt":"2010-06-20T17:13:16","slug":"victoria-de-xebi-pons-en-el-rallye-de-ourense","status":"publish","type":"post","link":"https:\/\/www.mfoto.es\/noticias\/?p=335","title":{"rendered":"Victoria de Xebi Pons en el Rallye de Ourense"},"content":{"rendered":"<p><img loading=\"lazy\" decoding=\"async\" class=\"alignleft\" src=\"https:\/\/www.mfoto.es\/logos\/foto.gif\" alt=\"\" width=\"50\" height=\"36\" \/><\/p>\n<p><a href=\"https:\/\/www.mfoto.es\/fotos\/2010\/25_ourense\/index.html\">VER FOTOS DEL RALLYE DE OURENSE<\/a><\/p>\n<p><img loading=\"lazy\" decoding=\"async\" class=\"alignnone size-full wp-image-336\" title=\"041_podium_ourense\" src=\"https:\/\/www.mfoto.es\/noticias\/wp-content\/uploads_2012\/041_podium_ourense.jpg\" alt=\"\" width=\"450\" height=\"300\" srcset=\"https:\/\/www.mfoto.es\/noticias\/wp-content\/uploads_2012\/041_podium_ourense.jpg 450w, https:\/\/www.mfoto.es\/noticias\/wp-content\/uploads_2012\/041_podium_ourense-300x200.jpg 300w\" sizes=\"auto, (max-width: 450px) 100vw, 450px\" \/><\/p>\n<p>Se celebr\u00f3 el Rallye de Ourense, con buen tiempo, pero sin el calor agobiante que suele caracterizar este rallye.<\/p>\n<p>La prueba comenz\u00f3 con el liderato de Ojeda con el Subaru Impreza en el tramo espect\u00e1culo del viernes, para continuar con el dominio de Fuster con el Porsche 911 GT3 hasta su abandono por aver\u00eda, cediendo la primera plaza a Vallejo con el 307 S2000, que aguant\u00f3 hasta el primer tramo de la tarde, en el que Xebi Pons se hizo con el liderato con el Ford Fiesta S2000 y lo mantuvo hasta el final.<\/p>\n<p>Sergio Vallejo termin\u00f3 en segunda posici\u00f3n a 8,4 seg. y la tercera posici\u00f3n fue para Alberto Hevia con el Skoda Fabia S2000 distanciado a 1:18.3.<\/p>\n<p>Ojeda se clasificaba en cuarta posici\u00f3n con el Subaru Impreza y era el primero del Gr.N.<\/p>\n<p>El trofeo de dos ruedas motrices era para Joan Vinyes con el Suzuki Swift S1600.<\/p>\n<p>La Copa Suzuki era para el catal\u00e1n Ferr\u00e1n Pujol, la Challenge Renault Clio R3 era para el asturiano Jose Antonio Suarez \u00abCohete\u00bb y en la Mitsubishi EVO CUP, la victoria era para el gallego V\u00edctor Senra.<\/p>\n<p>CLASIFICACI\u00d3N:<\/p>\n<p>1\u00ba Pons-Haro (Ford Fiesta S2000) 2:23:05.7<br \/>\n2\u00ba Vallejo-Vallejo (Peugeot 207 S2000) a 8.4<br \/>\n3\u00ba Hevia-Iglesias (Skoda Fabia S2000) a 1:18.3<br \/>\n4\u00ba Ojeda-Marcos (Subaru Impreza WRX STI) a 2:54.6<br \/>\n5\u00ba Burgo-Burgo (Mitsubishi EVO X) a 3:01.7<\/p>\n","protected":false},"excerpt":{"rendered":"<p>VER FOTOS DEL RALLYE DE OURENSE Se celebr\u00f3 el Rallye de Ourense, con buen tiempo, pero sin el calor agobiante que suele caracterizar este rallye. La prueba comenz\u00f3 con el liderato de Ojeda con el Subaru Impreza en el tramo espect\u00e1culo del viernes, para continuar con el dominio de Fuster con el Porsche 911 GT3 [&hellip;]<\/p>\n","protected":false},"author":1,"featured_media":0,"comment_status":"closed","ping_status":"open","sticky":false,"template":"","format":"standard","meta":{"footnotes":""},"categories":[64,5,4],"tags":[],"class_list":["post-335","post","type-post","status-publish","format-standard","hentry","category-galicia","category-nacional","category-rallyes"],"_links":{"self":[{"href":"https:\/\/www.mfoto.es\/noticias\/index.php?rest_route=\/wp\/v2\/posts\/335","targetHints":{"allow":["GET"]}}],"collection":[{"href":"https:\/\/www.mfoto.es\/noticias\/index.php?rest_route=\/wp\/v2\/posts"}],"about":[{"href":"https:\/\/www.mfoto.es\/noticias\/index.php?rest_route=\/wp\/v2\/types\/post"}],"author":[{"embeddable":true,"href":"https:\/\/www.mfoto.es\/noticias\/index.php?rest_route=\/wp\/v2\/users\/1"}],"replies":[{"embeddable":true,"href":"https:\/\/www.mfoto.es\/noticias\/index.php?rest_route=%2Fwp%2Fv2%2Fcomments&post=335"}],"version-history":[{"count":0,"href":"https:\/\/www.mfoto.es\/noticias\/index.php?rest_route=\/wp\/v2\/posts\/335\/revisions"}],"wp:attachment":[{"href":"https:\/\/www.mfoto.es\/noticias\/index.php?rest_route=%2Fwp%2Fv2%2Fmedia&parent=335"}],"wp:term":[{"taxonomy":"category","embeddable":true,"href":"https:\/\/www.mfoto.es\/noticias\/index.php?rest_route=%2Fwp%2Fv2%2Fcategories&post=335"},{"taxonomy":"post_tag","embeddable":true,"href":"https:\/\/www.mfoto.es\/noticias\/index.php?rest_route=%2Fwp%2Fv2%2Ftags&post=335"}],"curies":[{"name":"wp","href":"https:\/\/api.w.org\/{rel}","templated":true}]}}