{"id":3326,"date":"2019-01-18T15:10:44","date_gmt":"2019-01-18T14:10:44","guid":{"rendered":"http:\/\/www.mfoto.es\/noticias\/?p=3326"},"modified":"2019-02-03T19:10:13","modified_gmt":"2019-02-03T18:10:13","slug":"calendario-de-pruebas-2019","status":"publish","type":"post","link":"https:\/\/www.mfoto.es\/noticias\/?p=3326","title":{"rendered":"Calendario de pruebas 2019"},"content":{"rendered":"\n<figure class=\"wp-block-image\"><img loading=\"lazy\" decoding=\"async\" width=\"450\" height=\"300\" src=\"https:\/\/www.mfoto.es\/noticias\/wp-content\/uploads_2012\/240_logo_calendarios_rfeda_2019-450x300.png\" alt=\"\" class=\"wp-image-3327\" srcset=\"https:\/\/www.mfoto.es\/noticias\/wp-content\/uploads_2012\/240_logo_calendarios_rfeda_2019.png 450w, https:\/\/www.mfoto.es\/noticias\/wp-content\/uploads_2012\/240_logo_calendarios_rfeda_2019-300x200.png 300w\" sizes=\"auto, (max-width: 450px) 100vw, 450px\" \/><\/figure>\n\n\n\n<p>Poco a poco, van confirm\u00e1ndose las fechas de las pruebas puntuables para los Campeonatos de Espa\u00f1a de Rallyes 2019.<\/p>\n\n\n\n<p>Como novedad este a\u00f1o se disputar\u00e1 el S-CER, un campeonato mixto con cuatro pruebas de asfalto, Canarias, Ourense, Princesa de Asturias y Madrid, y otras tantas de tierra, Lorca, Terra de Auga, Astorga y Granada.<\/p>\n\n\n\n<p>Entre las pruebas de asfalto, falta por confirmar la fecha del rallye de Santander y hay tres pruebas en pre-inspecci\u00f3n en Almer\u00eda, Jerez y Cantabria.<\/p>\n\n\n\n<p>En el campeonato de tierra, entra la prueba de Astorga sustituyendo a Cervera y cambian de fecha Navarra y Lanzarote, en el resto pr\u00e1cticamente se repite lo de la temporada anterior.<\/p>\n\n\n\n<p>Ahora falta ver que decisiones toman los equipos sobre los campeonatos a seguir.<\/p>\n\n\n\n<p><strong>S-CER &#8211; S\u00faper Campeonato de Espa\u00f1a de Rallyes:<\/strong><br> 09-10 MAR \u2013 Rallye Tierras Altas de Lorca<br> 04-05 MAY \u2013 Rallye Islas Canarias<br> 25-26 MAY \u2013 Rallye Terra da Auga<br> 08-09 JUN \u2013 Rallye de Ourense<br> 28-29 JUN \u2013 Rallye Astorga<br> 14-15 SEP \u2013 Rallye Princesa de Asturias<br> 19-20 OCT \u2013 Rallye Ciudad de Granada<br> 23-24 NOV \u2013 Rallye Comunidad de Madrid<\/p>\n\n\n\n<p><strong>CERA &#8211; Campeonato de Espa\u00f1a de Rallyes de Asfalto:<\/strong><br> 23-24 MAR \u2013 Rallye Sierra Morena<br> 04-05 MAY \u2013 Rallye Islas Canarias<br> 04-05 MAY \u2013 Rallye Costa de Almer\u00eda (preinspecci\u00f3n)<br> 11-12 MAY \u2013 Rallye Villa de Adeje<br> 25-26 MAY \u2013 Rallye Ciudad de Jerez (preinspecci\u00f3n)<br> 08-09 JUN \u2013 Rallye de Ourense<br> 17-18 JUN \u2013 Rallye do Cocido<br> 20-21 JUL \u2013 Rallye de Ferrol<br> 20-21 JUL \u2013 Rallye Cristian L\u00f3pez (preinspecci\u00f3n)<br> 14-15 SEP \u2013 Rallye Princesa de Asturias<br> 28-29 SEP \u2013 Rallye Villa de Llanes<br> 12-13 OCT \u2013 Rallye Santander Cantabria<br> 09-10 NOV \u2013 Rallye La Nuc\u00eda<br> 23-24 NOV \u2013 Rallye Comunidad de Madrid<\/p>\n\n\n\n<p><strong>CERT &#8211; Campeonato de Espa\u00f1a de Rallyes de Tierra:<\/strong><br> 09-10 MAR \u2013 Rallye Tierras Altas de Lorca<br> 06-07 ABR \u2013 Rallye Pozoblanco<br> 27-28 ABR \u2013 Rallye Circuito de Navarra<br> 25-26 MAY \u2013 Rallye Terra da Auga<br> 28-29 JUN \u2013 Rallye Astorga<br> 05-06 OCT \u2013 Rallye Isla de los Volcanes<br> 19-20 OCT \u2013 Rallye Ciudad de Granada<br> 16-17 NOV \u2013 Rallye Madrid<\/p>\n\n\n\n<p><strong>CERVH &#8211; Cto. de Espa\u00f1a de Rallyes de Veh\u00edculos Hist\u00f3ricos:<\/strong><br> 16-17 MAR \u2013 Rallye Costa Brava<br> 25-26 MAY \u2013 Rallye Asturias<br> 06-07 JUL \u2013 Rallye Avil\u00e9s<br> 07-08 SEP \u2013 Rallye Extremadura<br> 21-21 SEP \u2013 Rallye Vendimia (preinspecci\u00f3n)<br> 05-06 OCT \u2013 Rallye R\u00edas Altas<br> 16-17 NOV \u2013 Rallye Sierra Nevada<\/p>\n\n\n\n<p>El calendario completo se puede consultar <a rel=\"noreferrer noopener\" aria-label=\"aqu\u00ed (abre en una nueva pesta\u00f1a)\" href=\"https:\/\/www.mfoto.es\/calendario_2019.pdf\" target=\"_blank\"><strong>aqu\u00ed<\/strong><\/a><\/p>\n","protected":false},"excerpt":{"rendered":"<p>Poco a poco, van confirm\u00e1ndose las fechas de las pruebas puntuables para los Campeonatos de Espa\u00f1a de Rallyes 2019. Como novedad este a\u00f1o se disputar\u00e1 el S-CER, un campeonato mixto con cuatro pruebas de asfalto, Canarias, Ourense, Princesa de Asturias y Madrid, y otras tantas de tierra, Lorca, Terra de Auga, Astorga y Granada. Entre [&hellip;]<\/p>\n","protected":false},"author":1,"featured_media":0,"comment_status":"closed","ping_status":"closed","sticky":false,"template":"","format":"standard","meta":{"footnotes":""},"categories":[205,144,145,206,5,4,19],"tags":[],"class_list":["post-3326","post","type-post","status-publish","format-standard","hentry","category-205","category-cera","category-cert","category-cervh","category-nacional","category-rallyes","category-tierra"],"_links":{"self":[{"href":"https:\/\/www.mfoto.es\/noticias\/index.php?rest_route=\/wp\/v2\/posts\/3326","targetHints":{"allow":["GET"]}}],"collection":[{"href":"https:\/\/www.mfoto.es\/noticias\/index.php?rest_route=\/wp\/v2\/posts"}],"about":[{"href":"https:\/\/www.mfoto.es\/noticias\/index.php?rest_route=\/wp\/v2\/types\/post"}],"author":[{"embeddable":true,"href":"https:\/\/www.mfoto.es\/noticias\/index.php?rest_route=\/wp\/v2\/users\/1"}],"replies":[{"embeddable":true,"href":"https:\/\/www.mfoto.es\/noticias\/index.php?rest_route=%2Fwp%2Fv2%2Fcomments&post=3326"}],"version-history":[{"count":3,"href":"https:\/\/www.mfoto.es\/noticias\/index.php?rest_route=\/wp\/v2\/posts\/3326\/revisions"}],"predecessor-version":[{"id":3334,"href":"https:\/\/www.mfoto.es\/noticias\/index.php?rest_route=\/wp\/v2\/posts\/3326\/revisions\/3334"}],"wp:attachment":[{"href":"https:\/\/www.mfoto.es\/noticias\/index.php?rest_route=%2Fwp%2Fv2%2Fmedia&parent=3326"}],"wp:term":[{"taxonomy":"category","embeddable":true,"href":"https:\/\/www.mfoto.es\/noticias\/index.php?rest_route=%2Fwp%2Fv2%2Fcategories&post=3326"},{"taxonomy":"post_tag","embeddable":true,"href":"https:\/\/www.mfoto.es\/noticias\/index.php?rest_route=%2Fwp%2Fv2%2Ftags&post=3326"}],"curies":[{"name":"wp","href":"https:\/\/api.w.org\/{rel}","templated":true}]}}