{"id":3300,"date":"2018-11-26T15:48:57","date_gmt":"2018-11-26T14:48:57","guid":{"rendered":"http:\/\/www.mfoto.es\/noticias\/?p=3300"},"modified":"2019-03-11T12:42:04","modified_gmt":"2019-03-11T11:42:04","slug":"victoria-para-suarez-y-titulo-para-fuster-en-madrid","status":"publish","type":"post","link":"https:\/\/www.mfoto.es\/noticias\/?p=3300","title":{"rendered":"Victoria para Su\u00e1rez y t\u00edtulo para Fuster en Madrid"},"content":{"rendered":"<p><img loading=\"lazy\" decoding=\"async\" class=\"alignleft\" src=\"https:\/\/www.mfoto.es\/logos\/foto.gif\" alt=\"\" width=\"50\" height=\"36\" \/><\/p>\n<p><strong><a href=\"https:\/\/www.mfoto.es\/fotos\/2018\/19_madrid\/\">FOTOS RALLY COMUNIDAD DE MADRID<\/a><\/strong><\/p>\n<div id=\"attachment_3301\" style=\"width: 460px\" class=\"wp-caption alignnone\"><img loading=\"lazy\" decoding=\"async\" aria-describedby=\"caption-attachment-3301\" class=\"wp-image-3301 size-full\" src=\"https:\/\/www.mfoto.es\/noticias\/wp-content\/uploads_2012\/238_cohete_madrid.jpg\" alt=\"\" width=\"450\" height=\"300\" srcset=\"https:\/\/www.mfoto.es\/noticias\/wp-content\/uploads_2012\/238_cohete_madrid.jpg 450w, https:\/\/www.mfoto.es\/noticias\/wp-content\/uploads_2012\/238_cohete_madrid-300x200.jpg 300w\" sizes=\"auto, (max-width: 450px) 100vw, 450px\" \/><p id=\"caption-attachment-3301\" class=\"wp-caption-text\">\u00abCohete\u00bb Su\u00e1rez y C\u00e1ndido Carrera, vencedores en Madrid<\/p><\/div>\n<p>El tiempo cambiante ha caracterizado a esta edici\u00f3n del Rallye Comunidad de Madrid en la que los equipos participantes se encontraban incluso con hielo y nieve en la primera etapa.<\/p>\n<p>Jose Antonio Su\u00e1rez \u00abCohete\u00bb y C\u00e1ndido Carrera, con el Hyundai i20 R5, consegu\u00edan una ventaja en los tramos del viernes que lograron administrar en la jornada del s\u00e1bado para terminar ganando la prueba.<\/p>\n<p>Iv\u00e1n Ares y Jos\u00e9 Pintor, con otro Hyundai i20 R5, atacaron en todo momento sin conseguir acercarse a Su\u00e1rez y terminaban en segunda posici\u00f3n a 11.7 segundos tras hacer dos scratchs.<\/p>\n<p>Miguel Fuster y Nacho Avi\u00f1\u00f3 con el Ford Fiesta R5, tras rodar de manera conservadora durante toda la prueba, terminaban en tercera posici\u00f3n a 46.3 segundos y se proclamaban Campeones de Espa\u00f1a de Rallyes 2018.<\/p>\n<div id=\"attachment_3302\" style=\"width: 460px\" class=\"wp-caption alignnone\"><img loading=\"lazy\" decoding=\"async\" aria-describedby=\"caption-attachment-3302\" class=\"wp-image-3302 size-full\" src=\"https:\/\/www.mfoto.es\/noticias\/wp-content\/uploads_2012\/239_fuster_madrid.jpg\" alt=\"\" width=\"450\" height=\"300\" srcset=\"https:\/\/www.mfoto.es\/noticias\/wp-content\/uploads_2012\/239_fuster_madrid.jpg 450w, https:\/\/www.mfoto.es\/noticias\/wp-content\/uploads_2012\/239_fuster_madrid-300x200.jpg 300w\" sizes=\"auto, (max-width: 450px) 100vw, 450px\" \/><p id=\"caption-attachment-3302\" class=\"wp-caption-text\">Fuster y Avi\u00f1\u00f3 consegu\u00edan el Campeonato de Espa\u00f1a de Rallyes 2018<\/p><\/div>\n<p>A destacar la actuaci\u00f3n de Efr\u00e9n Llarena y Sara Fern\u00e1ndez, en su primera carrera con un Ford Fiesta R5, que terminaban en la cuarta plaza, a s\u00f3lo un segundo y medio de Fuster, tras haber rodado en la tercera posici\u00f3n casi todo el rallye.<\/p>\n<p>Alberto Monarri encabezaba las clasificaciones de Dos Ruedas Motrices y la categor\u00eda R-GT con el Abarth 124 Rally.<\/p>\n<p>En la categor\u00eda R2 daban la sorpresa el equipo canario formando por Guayas\u00e9n Ortega y Daniel Quintana, con un Peugeot 208 R2, que en su primera salida fuera de las islas terminaban 3.9 segundos por delante de los locales Chema Reyes y Diego Sanjuan con id\u00e9ntico veh\u00edculo.<\/p>\n<p>Los c\u00e1ntabros Oscar Sarabia y Juan Antonio Dertiano se impon\u00edan en la Copa Suzuki, con 46.6 segundos de ventaja sobre el gallego Daniel Berdom\u00e1s, que ganaba la Copa Suzuki 2018. En tercera posici\u00f3n a s\u00f3lo 3.3 segundos de Berdom\u00e1s llegaba el llanisco Freddy Tam\u00e9s y la categor\u00eda junior de la copa era ganada por Jos\u00e9 Lamela.<\/p>\n<p>La Copa Dacia Sandero terminaba con victoria de los asturianos Jos\u00e9 \u00c1lvarez y Desir\u00e9e Garc\u00eda, que se aseguraban el t\u00edtulo de esta copa. Alfredo Sal acababa en segunda posici\u00f3n y en la tercera Jos\u00e9 S\u00e1nchez.<\/p>\n<p>El Rallye Comunidad de Madrid-RACE cerraba la temporada 2018 de asfalto.<\/p>\n<hr \/>\n<p><em>Clasificaci\u00f3n IX Rally Comunidad de Madrid 2018:<\/em><br \/>\n1\u00ba Su\u00e1rez-Carrera (Hyundai i20 R5) 1:11:22.7<br \/>\n2\u00ba Ares-Pintor (Hyundai i20 R5) +11.7<br \/>\n3\u00ba Fuster-Avi\u00f1\u00f3 (Ford Fiesta R5) +46.3<br \/>\n4\u00ba Llarena-Fern\u00e1ndez (Ford Fiesta R5) +47.8<br \/>\n5\u00ba Vinyes-Mercader (Suzuki Swift R+) +1:19.5<\/p>\n<hr \/>\n","protected":false},"excerpt":{"rendered":"<p>FOTOS RALLY COMUNIDAD DE MADRID El tiempo cambiante ha caracterizado a esta edici\u00f3n del Rallye Comunidad de Madrid en la que los equipos participantes se encontraban incluso con hielo y nieve en la primera etapa. Jose Antonio Su\u00e1rez \u00abCohete\u00bb y C\u00e1ndido Carrera, con el Hyundai i20 R5, consegu\u00edan una ventaja en los tramos del viernes [&hellip;]<\/p>\n","protected":false},"author":1,"featured_media":0,"comment_status":"closed","ping_status":"closed","sticky":false,"template":"","format":"standard","meta":{"footnotes":""},"categories":[189,141,144,68,163,34,153,5,4,115,72],"tags":[],"class_list":["post-3300","post","type-post","status-publish","format-standard","hentry","category-189","category-ares","category-cera","category-fuster","category-llarena","category-madrid","category-monarri","category-nacional","category-rallyes","category-suarez","category-vinyes"],"_links":{"self":[{"href":"https:\/\/www.mfoto.es\/noticias\/index.php?rest_route=\/wp\/v2\/posts\/3300","targetHints":{"allow":["GET"]}}],"collection":[{"href":"https:\/\/www.mfoto.es\/noticias\/index.php?rest_route=\/wp\/v2\/posts"}],"about":[{"href":"https:\/\/www.mfoto.es\/noticias\/index.php?rest_route=\/wp\/v2\/types\/post"}],"author":[{"embeddable":true,"href":"https:\/\/www.mfoto.es\/noticias\/index.php?rest_route=\/wp\/v2\/users\/1"}],"replies":[{"embeddable":true,"href":"https:\/\/www.mfoto.es\/noticias\/index.php?rest_route=%2Fwp%2Fv2%2Fcomments&post=3300"}],"version-history":[{"count":9,"href":"https:\/\/www.mfoto.es\/noticias\/index.php?rest_route=\/wp\/v2\/posts\/3300\/revisions"}],"predecessor-version":[{"id":3323,"href":"https:\/\/www.mfoto.es\/noticias\/index.php?rest_route=\/wp\/v2\/posts\/3300\/revisions\/3323"}],"wp:attachment":[{"href":"https:\/\/www.mfoto.es\/noticias\/index.php?rest_route=%2Fwp%2Fv2%2Fmedia&parent=3300"}],"wp:term":[{"taxonomy":"category","embeddable":true,"href":"https:\/\/www.mfoto.es\/noticias\/index.php?rest_route=%2Fwp%2Fv2%2Fcategories&post=3300"},{"taxonomy":"post_tag","embeddable":true,"href":"https:\/\/www.mfoto.es\/noticias\/index.php?rest_route=%2Fwp%2Fv2%2Ftags&post=3300"}],"curies":[{"name":"wp","href":"https:\/\/api.w.org\/{rel}","templated":true}]}}