{"id":3246,"date":"2018-10-01T14:34:40","date_gmt":"2018-10-01T13:34:40","guid":{"rendered":"http:\/\/www.mfoto.es\/noticias\/?p=3246"},"modified":"2018-10-01T19:07:27","modified_gmt":"2018-10-01T18:07:27","slug":"ajustado-triunfo-de-fuster-en-el-rallye-de-llanes","status":"publish","type":"post","link":"https:\/\/www.mfoto.es\/noticias\/?p=3246","title":{"rendered":"Ajustado triunfo de Fuster en el Rallye de LLanes"},"content":{"rendered":"<p><img loading=\"lazy\" decoding=\"async\" class=\"alignleft\" src=\"https:\/\/www.mfoto.es\/logos\/foto.gif\" alt=\"\" width=\"50\" height=\"36\" \/><\/p>\n<p><strong><a href=\"https:\/\/www.mfoto.es\/fotos\/2018\/12_llanes\/\">FOTOS RALLYE VILLA DE LLANES<\/a><\/strong><\/p>\n<div id=\"attachment_3247\" style=\"width: 460px\" class=\"wp-caption alignnone\"><img loading=\"lazy\" decoding=\"async\" aria-describedby=\"caption-attachment-3247\" class=\"wp-image-3247 size-full\" src=\"https:\/\/www.mfoto.es\/noticias\/wp-content\/uploads_2012\/231_fuster_llanes.jpg\" alt=\"\" width=\"450\" height=\"300\" srcset=\"https:\/\/www.mfoto.es\/noticias\/wp-content\/uploads_2012\/231_fuster_llanes.jpg 450w, https:\/\/www.mfoto.es\/noticias\/wp-content\/uploads_2012\/231_fuster_llanes-300x200.jpg 300w\" sizes=\"auto, (max-width: 450px) 100vw, 450px\" \/><p id=\"caption-attachment-3247\" class=\"wp-caption-text\">Fuster y Avi\u00f1\u00f3 consegu\u00edan una ajustada victoria<\/p><\/div>\n<p>Despu\u00e9s de diez tramos cronometrados con diferencias insignificantes, Miguel Fuster y Nacho Avi\u00f1\u00f3 consegu\u00edan la victoria en el Rallye de Llanes con el Ford Fiesta R5.<\/p>\n<p>Iv\u00e1n Ares y Jos\u00e9 Pintor con el Hyundai i20 R5 terminaban a s\u00f3lo 3,6 segundos de Fuster, despu\u00e9s de hacer seis mejores tiempos y ganar el TC Plus en la segunda pasada a La Torner\u00eda. La igualdad fue tal que Fuster y Ares llegaron a empatar a la d\u00e9cima en la primera pasada por el tramo de Labra.<\/p>\n<p>En la tercera plaza del podio se situaban Surhay\u00e9n Pern\u00eda y Rogelio Pe\u00f1ate, con otro Hyundai i20 R5, a m\u00e1s de dos minutos del ganador de la prueba.<\/p>\n<p>El reciente ganador del rallye Princesa de Asturias, el asturiano \u00abCohete\u00bb Su\u00e1rez, se ve\u00eda obligado a abandonar por problemas mec\u00e1nicos en su Hyundai i20 R5, cuando rodaba segundo de la general y hab\u00eda marcado los mejores tiempos en los tramos de Los Carriles y Carmen-Torre.<\/p>\n<p>La clasificaci\u00f3n de dos ruedas motrices la ganaba el c\u00e1ntabro Dani Mart\u00ednez con un Citro\u00ebn DS3 R3T, la segunda plaza era para el local Aquilino S\u00e1nchez con un Ford Fiesta R2 y la tercera era para el vasco Gorka Antxustegi con el nuevo Suzuki Swift Sport.<\/p>\n<p>En la copa N5 RMC, victoria para Jose Luis Garc\u00eda y Javier Moreno con un Peugeot 208 y segunda plaza para Efr\u00e9n Llarena y Sara Fern\u00e1ndez con un Peugeot 308 a casi tres minutos. Efr\u00e9n perd\u00eda m\u00e1s de once minutos por una salida de pista en Carmen-Torre cuando rodaba entre los dos Suzuki Swift oficiales. Abandonaban Fran Cima por problemas mec\u00e1nicos en el Renault Clio y Gerardo Gonz\u00e1lez con Ford Fiesta por salida de carretera.<\/p>\n<p>El llanisco Fredy Tam\u00e9s domin\u00f3 la Copa Suzuki Swift marcando el mejor tiempo en todos los tramos del rallye. La segunda posici\u00f3n fue para Daniel Berdom\u00e1s a 1:53 y la tercera a s\u00f3lo un segundo m\u00e1s para Juan Carlos Castro que hac\u00eda una gran remontada en los tramos de la tarde.<\/p>\n<p>En el resto de categor\u00edas, Javier Pardo con el Suzuki Swift N5, era el primer piloto J\u00fanior clasificado, el trofeo femenino era para la madrile\u00f1a Carolina Espadas con el Suzuki Swift de la copa y en el apartado regional, victoria para Jos\u00e9 Manuel Mora con el Peugeot 205 Rallye marcando tiempos incre\u00edbles.<\/p>\n<p>La pr\u00f3xima prueba del nacional de asfalto ser\u00e1 el Rallye Santander Cantabria, los d\u00edas 19 y 20 de Octubre.<\/p>\n<p>&nbsp;<\/p>\n<p><em>Clasificaci\u00f3n 42 Rallye Villa de Llanes 2018:<\/em><br \/>\n1\u00ba Fuster-Avi\u00f1\u00f3 (Ford Fiesta R5) 1:36:36.9<br \/>\n2\u00ba Ares-Pintor (Hyundai i20 R5) +3.6<br \/>\n3\u00ba Pern\u00eda-Pe\u00f1ate (Hyundai i20 R5) +2:13.4<br \/>\n4\u00ba Vinyes-Mercader (Suzuki Swift R+) +3:05.1<br \/>\n5\u00ba Pardo-P\u00e9rez (Suzuki Swift R+) +7:47.9<\/p>\n<p>&nbsp;<\/p>\n","protected":false},"excerpt":{"rendered":"<p>FOTOS RALLYE VILLA DE LLANES Despu\u00e9s de diez tramos cronometrados con diferencias insignificantes, Miguel Fuster y Nacho Avi\u00f1\u00f3 consegu\u00edan la victoria en el Rallye de Llanes con el Ford Fiesta R5. Iv\u00e1n Ares y Jos\u00e9 Pintor con el Hyundai i20 R5 terminaban a s\u00f3lo 3,6 segundos de Fuster, despu\u00e9s de hacer seis mejores tiempos y [&hellip;]<\/p>\n","protected":false},"author":1,"featured_media":0,"comment_status":"closed","ping_status":"closed","sticky":false,"template":"","format":"standard","meta":{"footnotes":""},"categories":[189,51,141,15,144,68,163,149,5,187,97,4,72],"tags":[],"class_list":["post-3246","post","type-post","status-publish","format-standard","hentry","category-189","category-antxustegi","category-ares","category-asturias","category-cera","category-fuster","category-llarena","category-mora","category-nacional","category-pardo","category-pernia","category-rallyes","category-vinyes"],"_links":{"self":[{"href":"https:\/\/www.mfoto.es\/noticias\/index.php?rest_route=\/wp\/v2\/posts\/3246","targetHints":{"allow":["GET"]}}],"collection":[{"href":"https:\/\/www.mfoto.es\/noticias\/index.php?rest_route=\/wp\/v2\/posts"}],"about":[{"href":"https:\/\/www.mfoto.es\/noticias\/index.php?rest_route=\/wp\/v2\/types\/post"}],"author":[{"embeddable":true,"href":"https:\/\/www.mfoto.es\/noticias\/index.php?rest_route=\/wp\/v2\/users\/1"}],"replies":[{"embeddable":true,"href":"https:\/\/www.mfoto.es\/noticias\/index.php?rest_route=%2Fwp%2Fv2%2Fcomments&post=3246"}],"version-history":[{"count":4,"href":"https:\/\/www.mfoto.es\/noticias\/index.php?rest_route=\/wp\/v2\/posts\/3246\/revisions"}],"predecessor-version":[{"id":3251,"href":"https:\/\/www.mfoto.es\/noticias\/index.php?rest_route=\/wp\/v2\/posts\/3246\/revisions\/3251"}],"wp:attachment":[{"href":"https:\/\/www.mfoto.es\/noticias\/index.php?rest_route=%2Fwp%2Fv2%2Fmedia&parent=3246"}],"wp:term":[{"taxonomy":"category","embeddable":true,"href":"https:\/\/www.mfoto.es\/noticias\/index.php?rest_route=%2Fwp%2Fv2%2Fcategories&post=3246"},{"taxonomy":"post_tag","embeddable":true,"href":"https:\/\/www.mfoto.es\/noticias\/index.php?rest_route=%2Fwp%2Fv2%2Ftags&post=3246"}],"curies":[{"name":"wp","href":"https:\/\/api.w.org\/{rel}","templated":true}]}}