{"id":3239,"date":"2018-09-23T16:36:49","date_gmt":"2018-09-23T15:36:49","guid":{"rendered":"http:\/\/www.mfoto.es\/noticias\/?p=3239"},"modified":"2018-09-23T19:30:34","modified_gmt":"2018-09-23T18:30:34","slug":"eizmendi-se-lleva-la-victoria-en-el-rally-circuito-de-navarra","status":"publish","type":"post","link":"https:\/\/www.mfoto.es\/noticias\/?p=3239","title":{"rendered":"Eizmendi se lleva la victoria en el Rally Circuito de Navarra"},"content":{"rendered":"<p><img loading=\"lazy\" decoding=\"async\" class=\"alignleft\" src=\"https:\/\/www.mfoto.es\/logos\/foto.gif\" alt=\"\" width=\"50\" height=\"36\" \/><\/p>\n<p><strong><a href=\"https:\/\/www.mfoto.es\/fotos\/2018\/11_navarra\/\">FOTOS RALLY CIRCUITO DE NAVARRA<\/a><\/strong><\/p>\n<div id=\"attachment_3240\" style=\"width: 460px\" class=\"wp-caption alignnone\"><img loading=\"lazy\" decoding=\"async\" aria-describedby=\"caption-attachment-3240\" class=\"wp-image-3240 size-full\" src=\"https:\/\/www.mfoto.es\/noticias\/wp-content\/uploads_2012\/230_eizmendi_navarra.jpg\" alt=\"\" width=\"450\" height=\"300\" srcset=\"https:\/\/www.mfoto.es\/noticias\/wp-content\/uploads_2012\/230_eizmendi_navarra.jpg 450w, https:\/\/www.mfoto.es\/noticias\/wp-content\/uploads_2012\/230_eizmendi_navarra-300x200.jpg 300w\" sizes=\"auto, (max-width: 450px) 100vw, 450px\" \/><p id=\"caption-attachment-3240\" class=\"wp-caption-text\">Gorka Eizmendi y Diego San Juan con el Ford Fiesta R5<\/p><\/div>\n<p>Gorka Eizmendi y Diego San Juan consegu\u00edan la victoria en el IV Rally Circuito de Navarra con un Ford Fiesta R5, La segunda posici\u00f3n era para Daniel Alonso y C\u00e1ndido Carrera con un Ford Fiesta WRC y la tercera para Josep Basols y Xabier Amigo con un Skoda Fabia R5.<\/p>\n<p>Eizmendi se impon\u00eda en los dos primeros tramos y consegu\u00eda una peque\u00f1a ventaja sobre Pons y Alonso que consegu\u00eda mantener hasta el final de la prueba. A falta de dos tramos, Pons sufr\u00eda problemas con el alternador de su Peugeot 208 R5, que le hicieron perder siete minutos, acababa en la octava posici\u00f3n y no pod\u00eda renovar a\u00fan el t\u00edtulo de Campe\u00f3n de Espa\u00f1a de Rallyes de Tierra.<\/p>\n<p>Daniel Alonso hizo dos scratchs, gan\u00f3 el TC Plus y finalizaba la prueba a 16 segundos de Eizmendi.<\/p>\n<p>La tercera plaza del podio, a 22,5 segundos era para Basols con el Skoda Fabia R5 tras marcar el segundo tiempo en cuatro de los tramos cronometrados.<\/p>\n<p>La categor\u00eda de Dos Ruedas Motrices la ganaba Jan Solans, marcando el mejor tiempo en 6 de los 7 tramos cronometrados, por delante de Aritz Iriondo y de Antonio Otero, los tres sobre Peugeot 208 R2.<\/p>\n<p>En la Copa Toyota Kobe Motor, victoria para los canarios Kevin Guerra y Daniel Sosa, la segunda plaza para los andaluces Francisco Montes y David Collado a un minuto y la tercera posici\u00f3n para otro equipo canario, Antonio Acosta y Yeray Mujica que finalizaban a 1:49.3 del ganador.<\/p>\n<p>La categor\u00eda Junior la ganaba Javier Pardo con el Suzuki Swift N+, los hermanos Vallejo encabezaban la categor\u00eda de propulsi\u00f3n con el Porsche 911 GT3, Jorge Del Cid lideraba la Mitsubishi Evo Cup y el trofeo femenino era para Ang\u00e9lica Camacho con el Toyota Aygo.<\/p>\n<p>La prueba era puntuable para el Campeonato Navarro de Tierra y la victoria era para I\u00f1aki Texeira con un Polaris Turbo, seguido por I\u00f1aki Tijera con Peugeot 206 RC a 1:48.6 y por Xabier Jare\u00f1o con un Seat Ibiza a 3:14.4.<\/p>\n<p>La Copa RAC Vasco Navarro de Tierra, disputada con los Ford Focus 1.6, terminaba con victoria de Oscar Mart\u00ednez, seguido de Oscar G\u00f3mez y de Alberto Murillo.<\/p>\n<p>La pr\u00f3xima prueba del nacional de tierra ser\u00e1 el Rallye Ciudad de Granada los d\u00edas 2 y 3 de Noviembre.<\/p>\n<p>&nbsp;<\/p>\n<p>Clasificaci\u00f3n IV Rallye de Tierra Circuito de Navarra 2018<\/p>\n<p><em>Campeonato de Espa\u00f1a de Rallyes de Tierra:<\/em><br \/>\n1\u00ba Eizmendi-San Juan (Ford Fiesta R5) 1:11:03.7<br \/>\n2\u00ba Alonso-Carrera (Ford Fiesta WRC) +16<br \/>\n3\u00ba Basols-Amigo (Skoda Fabia R5) +22.5<br \/>\n4\u00ba Pardo-Perez (Suzuki Swift R+) +57.1<br \/>\n5\u00ba Del Cid-Odriozola (Mitsubishi Evo X) +1:13.8<\/p>\n<p><em>Campeonato Navarro de Rallyes de Tierra:<\/em><br \/>\n1\u00ba Texeira-Moline (Polaris Turbo) 1:03:44.1<br \/>\n2\u00ba Tijera-Zendoia (Peugeot 206 RC) +1:48.6<br \/>\n3\u00ba Jare\u00f1o-Zorrilla (Seat Ibiza) +3:14.4<br \/>\n4\u00ba Ubiria-Bian (Seat Ibiza 1.8 T) +4:41.7<br \/>\n5\u00ba Mujika-Mujika (Opel Corsa GSi) 5:24.3<\/p>\n<p>&nbsp;<\/p>\n","protected":false},"excerpt":{"rendered":"<p>FOTOS RALLY CIRCUITO DE NAVARRA Gorka Eizmendi y Diego San Juan consegu\u00edan la victoria en el IV Rally Circuito de Navarra con un Ford Fiesta R5, La segunda posici\u00f3n era para Daniel Alonso y C\u00e1ndido Carrera con un Ford Fiesta WRC y la tercera para Josep Basols y Xabier Amigo con un Skoda Fabia R5. [&hellip;]<\/p>\n","protected":false},"author":1,"featured_media":0,"comment_status":"closed","ping_status":"closed","sticky":false,"template":"","format":"standard","meta":{"footnotes":""},"categories":[189,63,161,145,103,91,181,5,41,187,99,4,123,19],"tags":[],"class_list":["post-3239","post","type-post","status-publish","format-standard","hentry","category-189","category-alonso","category-basols","category-cert","category-del-cid","category-eizmendi","category-iriondo","category-nacional","category-navarra","category-pardo","category-pons","category-rallyes","category-solans","category-tierra"],"_links":{"self":[{"href":"https:\/\/www.mfoto.es\/noticias\/index.php?rest_route=\/wp\/v2\/posts\/3239","targetHints":{"allow":["GET"]}}],"collection":[{"href":"https:\/\/www.mfoto.es\/noticias\/index.php?rest_route=\/wp\/v2\/posts"}],"about":[{"href":"https:\/\/www.mfoto.es\/noticias\/index.php?rest_route=\/wp\/v2\/types\/post"}],"author":[{"embeddable":true,"href":"https:\/\/www.mfoto.es\/noticias\/index.php?rest_route=\/wp\/v2\/users\/1"}],"replies":[{"embeddable":true,"href":"https:\/\/www.mfoto.es\/noticias\/index.php?rest_route=%2Fwp%2Fv2%2Fcomments&post=3239"}],"version-history":[{"count":3,"href":"https:\/\/www.mfoto.es\/noticias\/index.php?rest_route=\/wp\/v2\/posts\/3239\/revisions"}],"predecessor-version":[{"id":3243,"href":"https:\/\/www.mfoto.es\/noticias\/index.php?rest_route=\/wp\/v2\/posts\/3239\/revisions\/3243"}],"wp:attachment":[{"href":"https:\/\/www.mfoto.es\/noticias\/index.php?rest_route=%2Fwp%2Fv2%2Fmedia&parent=3239"}],"wp:term":[{"taxonomy":"category","embeddable":true,"href":"https:\/\/www.mfoto.es\/noticias\/index.php?rest_route=%2Fwp%2Fv2%2Fcategories&post=3239"},{"taxonomy":"post_tag","embeddable":true,"href":"https:\/\/www.mfoto.es\/noticias\/index.php?rest_route=%2Fwp%2Fv2%2Ftags&post=3239"}],"curies":[{"name":"wp","href":"https:\/\/api.w.org\/{rel}","templated":true}]}}