{"id":3167,"date":"2018-05-07T16:52:13","date_gmt":"2018-05-07T15:52:13","guid":{"rendered":"http:\/\/www.mfoto.es\/noticias\/?p=3167"},"modified":"2018-05-07T20:21:48","modified_gmt":"2018-05-07T19:21:48","slug":"lukyanuk-se-impone-de-nuevo-en-canarias","status":"publish","type":"post","link":"https:\/\/www.mfoto.es\/noticias\/?p=3167","title":{"rendered":"Lukyanuk se impone de nuevo en Canarias"},"content":{"rendered":"<p><img loading=\"lazy\" decoding=\"async\" class=\"alignleft\" src=\"https:\/\/www.mfoto.es\/logos\/foto.gif\" alt=\"\" width=\"50\" height=\"36\" \/><\/p>\n<p><strong><a href=\"https:\/\/www.mfoto.es\/fotos\/2018\/05_canarias\/\">FOTOS RALLY ISLAS CANARIAS<\/a><\/strong><\/p>\n<div id=\"attachment_3168\" style=\"width: 460px\" class=\"wp-caption alignnone\"><img loading=\"lazy\" decoding=\"async\" aria-describedby=\"caption-attachment-3168\" class=\"wp-image-3168 size-full\" src=\"https:\/\/www.mfoto.es\/noticias\/wp-content\/uploads_2012\/221_podio_canarias.jpg\" alt=\"\" width=\"450\" height=\"300\" srcset=\"https:\/\/www.mfoto.es\/noticias\/wp-content\/uploads_2012\/221_podio_canarias.jpg 450w, https:\/\/www.mfoto.es\/noticias\/wp-content\/uploads_2012\/221_podio_canarias-300x200.jpg 300w\" sizes=\"auto, (max-width: 450px) 100vw, 450px\" \/><p id=\"caption-attachment-3168\" class=\"wp-caption-text\">Tercera victoria en Canarias para Lukyanuk y Arnautov<\/p><\/div>\n<p>Los rusos Alexey Lukianuk y Alexei Arnautov ganaban por tercera vez consecutiva el Rally Islas Canarias, con un Ford Fiesta R5, haciendo los mejores tiempos en diez de los catorce tramos de la prueba. La segunda posici\u00f3n era para otro equipo ruso, Nikolay Gryazin y Yaroslav Fedorov, que terminaban a 51.4 segundos con un Skoda Fabia R5 y el podio lo completaban los alemanes Fabian Kreim y Frank Christian con otro Skoda Fabia R5 a 1:29.5.<\/p>\n<p>En las dem\u00e1s categor\u00edas del European Rallye Championship, Gryazin ganaba la Junior U28, el portugu\u00e9s Diogo Gago se impon\u00eda en la Junior U27 con el Peugeot 208 R2 y Emma Falc\u00f3n encabezaba la ERC Ladies Trophy con el Citro\u00ebn DS3 R3T.<\/p>\n<div id=\"attachment_3169\" style=\"width: 460px\" class=\"wp-caption alignnone\"><img loading=\"lazy\" decoding=\"async\" aria-describedby=\"caption-attachment-3169\" class=\"wp-image-3169 size-full\" src=\"https:\/\/www.mfoto.es\/noticias\/wp-content\/uploads_2012\/222_cohete_canarias.jpg\" alt=\"\" width=\"450\" height=\"300\" srcset=\"https:\/\/www.mfoto.es\/noticias\/wp-content\/uploads_2012\/222_cohete_canarias.jpg 450w, https:\/\/www.mfoto.es\/noticias\/wp-content\/uploads_2012\/222_cohete_canarias-300x200.jpg 300w\" sizes=\"auto, (max-width: 450px) 100vw, 450px\" \/><p id=\"caption-attachment-3169\" class=\"wp-caption-text\">\u00abCohete\u00bb Su\u00e1rez y C\u00e1ndido Carrera ganaban la clasificaci\u00f3n nacional<\/p><\/div>\n<p>En la clasificaci\u00f3n para el Campeonato de Espa\u00f1a, los ganadores eran Jose Antonio Su\u00e1rez \u00abCohete\u00bb y C\u00e1ndido Carrera con el Hyundai i20 R5, la segunda plaza a 32.7 segundos era para los portugueses Magalhaes con Skoda Fabia R5 y la tercera para Iv\u00e1n Ares y Jos\u00e9 Pintor con Hyundai i20 R5 a s\u00f3lo dos segundos m\u00e1s.<\/p>\n<p>En las clasificaciones nacionales, Javier Pardo con el Suzuki Swift R+, ganaba la clasificaci\u00f3n de pilotos Junior y el grupo N5, Jan Solans lideraba la clasificaci\u00f3n de Dos Ruedas Motrices y la Beca Junior R2 con el Peugeot 208 R2 y Emma Falc\u00f3n la reservada a pilotos femeninos con el Citro\u00ebn DS3 R3T.<\/p>\n<div id=\"attachment_3170\" style=\"width: 460px\" class=\"wp-caption alignnone\"><img loading=\"lazy\" decoding=\"async\" aria-describedby=\"caption-attachment-3170\" class=\"wp-image-3170 size-full\" src=\"https:\/\/www.mfoto.es\/noticias\/wp-content\/uploads_2012\/223_cruz_canarias.jpg\" alt=\"\" width=\"450\" height=\"300\" srcset=\"https:\/\/www.mfoto.es\/noticias\/wp-content\/uploads_2012\/223_cruz_canarias.jpg 450w, https:\/\/www.mfoto.es\/noticias\/wp-content\/uploads_2012\/223_cruz_canarias-300x200.jpg 300w\" sizes=\"auto, (max-width: 450px) 100vw, 450px\" \/><p id=\"caption-attachment-3170\" class=\"wp-caption-text\">Victoria regional para Enrique Cruz y Yeray M\u00fajica con el Porsche<\/p><\/div>\n<p>En el Campeonato de Canarias se impon\u00edan Enrique Cruz y Yeray M\u00fajica con el Porsche 997 GT3, por delante de Surhayen Pern\u00eda y Rogelio Pe\u00f1ate y de To\u00f1i Ponce y Rub\u00e9n Gonz\u00e1lez con sendos Hyundai i20 R5.<\/p>\n<p>&nbsp;<\/p>\n<p>Clasificaci\u00f3n 42 Rally Islas Canarias<\/p>\n<p><em>Clasificaci\u00f3n European Rally Championship:<\/em><br \/>\n1\u00ba Lukyanuk-Arnautov (Ford Fiesta R5) 2:06:23.6<br \/>\n2\u00ba Gryazin-Fedorov (Skoda Fabia R5) +51.4<br \/>\n3\u00ba Kreim-Christian (Skoda Fabia R5) +1:29.5<br \/>\n4\u00ba Su\u00e1rez-Carrera (Hyundai i20 R5) +1:48.4<br \/>\n5\u00ba Pellier-Combe (Peugeot 208 T16 R5) +1:49.9<\/p>\n<p><em>Clasificaci\u00f3n Campeonato Espa\u00f1a:<\/em><br \/>\n1\u00ba Su\u00e1rez-Carrera (Hyundai i20 R5) 2:08:12.0<br \/>\n2\u00ba Magalhaes-Magalhaes (Skoda Fabia R5) +32.7<br \/>\n3\u00ba Ares-Pintor (Hyundai i20 R5) +34.7<br \/>\n4\u00ba Fuster-Avi\u00f1\u00f3 (Ford Fiesta R5) +35.9<br \/>\n5\u00ba Cruz-M\u00fajica (Porsche 997 GT3) +1:17.0<\/p>\n<p>&nbsp;<\/p>\n","protected":false},"excerpt":{"rendered":"<p>FOTOS RALLY ISLAS CANARIAS Los rusos Alexey Lukianuk y Alexei Arnautov ganaban por tercera vez consecutiva el Rally Islas Canarias, con un Ford Fiesta R5, haciendo los mejores tiempos en diez de los catorce tramos de la prueba. La segunda posici\u00f3n era para otro equipo ruso, Nikolay Gryazin y Yaroslav Fedorov, que terminaban a 51.4 [&hellip;]<\/p>\n","protected":false},"author":1,"featured_media":0,"comment_status":"closed","ping_status":"closed","sticky":false,"template":"","format":"standard","meta":{"footnotes":""},"categories":[189,141,192,18,144,120,92,68,193,194,156,183,5,97,4,123,115],"tags":[],"class_list":["post-3167","post","type-post","status-publish","format-standard","hentry","category-189","category-ares","category-beka_r2","category-canarias","category-cera","category-cruz","category-erc","category-fuster","category-gryazin","category-kreim","category-lukyanuk","category-magalhaes","category-nacional","category-pernia","category-rallyes","category-solans","category-suarez"],"_links":{"self":[{"href":"https:\/\/www.mfoto.es\/noticias\/index.php?rest_route=\/wp\/v2\/posts\/3167","targetHints":{"allow":["GET"]}}],"collection":[{"href":"https:\/\/www.mfoto.es\/noticias\/index.php?rest_route=\/wp\/v2\/posts"}],"about":[{"href":"https:\/\/www.mfoto.es\/noticias\/index.php?rest_route=\/wp\/v2\/types\/post"}],"author":[{"embeddable":true,"href":"https:\/\/www.mfoto.es\/noticias\/index.php?rest_route=\/wp\/v2\/users\/1"}],"replies":[{"embeddable":true,"href":"https:\/\/www.mfoto.es\/noticias\/index.php?rest_route=%2Fwp%2Fv2%2Fcomments&post=3167"}],"version-history":[{"count":6,"href":"https:\/\/www.mfoto.es\/noticias\/index.php?rest_route=\/wp\/v2\/posts\/3167\/revisions"}],"predecessor-version":[{"id":3176,"href":"https:\/\/www.mfoto.es\/noticias\/index.php?rest_route=\/wp\/v2\/posts\/3167\/revisions\/3176"}],"wp:attachment":[{"href":"https:\/\/www.mfoto.es\/noticias\/index.php?rest_route=%2Fwp%2Fv2%2Fmedia&parent=3167"}],"wp:term":[{"taxonomy":"category","embeddable":true,"href":"https:\/\/www.mfoto.es\/noticias\/index.php?rest_route=%2Fwp%2Fv2%2Fcategories&post=3167"},{"taxonomy":"post_tag","embeddable":true,"href":"https:\/\/www.mfoto.es\/noticias\/index.php?rest_route=%2Fwp%2Fv2%2Ftags&post=3167"}],"curies":[{"name":"wp","href":"https:\/\/api.w.org\/{rel}","templated":true}]}}