{"id":3122,"date":"2018-01-30T20:08:50","date_gmt":"2018-01-30T19:08:50","guid":{"rendered":"http:\/\/www.mfoto.es\/noticias\/?p=3122"},"modified":"2018-01-30T20:11:08","modified_gmt":"2018-01-30T19:11:08","slug":"quinta-victoria-consecutiva-de-ogier-en-monte-carlo","status":"publish","type":"post","link":"https:\/\/www.mfoto.es\/noticias\/?p=3122","title":{"rendered":"Quinta victoria consecutiva de Ogier en Monte-Carlo"},"content":{"rendered":"<p><img loading=\"lazy\" decoding=\"async\" class=\"alignleft\" src=\"https:\/\/www.mfoto.es\/logos\/foto.gif\" alt=\"\" width=\"50\" height=\"36\" \/><\/p>\n<p><strong><a href=\"https:\/\/www.mfoto.es\/fotos\/2018\/01_montecarlo\/\">FOTOS RALLYE MONTE-CARLO<\/a><\/strong><\/p>\n<div id=\"attachment_3123\" style=\"width: 460px\" class=\"wp-caption alignnone\"><img loading=\"lazy\" decoding=\"async\" aria-describedby=\"caption-attachment-3123\" class=\"wp-image-3123 size-full\" src=\"https:\/\/www.mfoto.es\/noticias\/wp-content\/uploads_2012\/216_ogier_montecarlo.jpg\" alt=\"\" width=\"450\" height=\"300\" srcset=\"https:\/\/www.mfoto.es\/noticias\/wp-content\/uploads_2012\/216_ogier_montecarlo.jpg 450w, https:\/\/www.mfoto.es\/noticias\/wp-content\/uploads_2012\/216_ogier_montecarlo-300x200.jpg 300w\" sizes=\"auto, (max-width: 450px) 100vw, 450px\" \/><p id=\"caption-attachment-3123\" class=\"wp-caption-text\">Quinta victoria consecutiva de Ogier en Monte-Carlo<\/p><\/div>\n<p>Sebastien Ogier con el Ford Fiesta WRC ganaba con autoridad el Rallye de Monte-Carlo, liderando la prueba desde el primer tramo. Por detr\u00e1s se clasificaban el estonio Ott T\u00e4nak, que debutaba con el Toyota Yaris, en segunda posici\u00f3n a 58.3 segundos y su compa\u00f1ero de equipo Latvala a 1:52 en la tercera plaza.<\/p>\n<p>El belga Thiery Neuville perdi\u00f3 mucho tiempo en una salida de carretera el primer d\u00eda, remontaba hasta la quinta plaza final, haciendo cinco scratch en los tramos cronometrados.<\/p>\n<p>En WRC2 la victoria era para Jan Kopeck\u00fd con el Skoda Fabia R5 con mucha ventaja sobre Teemu Suninen con Ford Fiesta R5 y Guillaume de Mevius con Peugeot 208 T16.<\/p>\n<p>La pr\u00f3xima prueba del mundial de rallyes ser\u00e1 el Rallye de Suecia del 15 al 18 de Febrero.<\/p>\n<p><em>Clasificaci\u00f3n 86 Rallye Automobile de Monte-Carlo 2018:<\/em><br \/>\n1\u00ba Ogier-Ingrassia (Ford Fiesta WRC) 4:18:55.5<br \/>\n2\u00ba T\u00e4nak-J\u00e4rveoja (Toyota Yaris WRC) +58.3<br \/>\n3\u00ba Latvala-Anttila (Toyota Yaris WRC) +1:52.0<br \/>\n4\u00ba Meeke-Nagle (Citro\u00ebn C3 WRC) +4:43.1<br \/>\n5\u00ba Neuville-Gilsoul (Hyundai i20 Coupe WRC) +4:53.8<\/p>\n<p>&nbsp;<\/p>\n","protected":false},"excerpt":{"rendered":"<p>FOTOS RALLYE MONTE-CARLO Sebastien Ogier con el Ford Fiesta WRC ganaba con autoridad el Rallye de Monte-Carlo, liderando la prueba desde el primer tramo. Por detr\u00e1s se clasificaban el estonio Ott T\u00e4nak, que debutaba con el Toyota Yaris, en segunda posici\u00f3n a 58.3 segundos y su compa\u00f1ero de equipo Latvala a 1:52 en la tercera [&hellip;]<\/p>\n","protected":false},"author":1,"featured_media":0,"comment_status":"closed","ping_status":"closed","sticky":false,"template":"","format":"standard","meta":{"footnotes":""},"categories":[189,109,129,190,114,87,4,180,25],"tags":[],"class_list":["post-3122","post","type-post","status-publish","format-standard","hentry","category-189","category-latvala","category-meeke","category-montecarlo","category-neuville","category-ogier","category-rallyes","category-tanak","category-wrc"],"_links":{"self":[{"href":"https:\/\/www.mfoto.es\/noticias\/index.php?rest_route=\/wp\/v2\/posts\/3122","targetHints":{"allow":["GET"]}}],"collection":[{"href":"https:\/\/www.mfoto.es\/noticias\/index.php?rest_route=\/wp\/v2\/posts"}],"about":[{"href":"https:\/\/www.mfoto.es\/noticias\/index.php?rest_route=\/wp\/v2\/types\/post"}],"author":[{"embeddable":true,"href":"https:\/\/www.mfoto.es\/noticias\/index.php?rest_route=\/wp\/v2\/users\/1"}],"replies":[{"embeddable":true,"href":"https:\/\/www.mfoto.es\/noticias\/index.php?rest_route=%2Fwp%2Fv2%2Fcomments&post=3122"}],"version-history":[{"count":4,"href":"https:\/\/www.mfoto.es\/noticias\/index.php?rest_route=\/wp\/v2\/posts\/3122\/revisions"}],"predecessor-version":[{"id":3143,"href":"https:\/\/www.mfoto.es\/noticias\/index.php?rest_route=\/wp\/v2\/posts\/3122\/revisions\/3143"}],"wp:attachment":[{"href":"https:\/\/www.mfoto.es\/noticias\/index.php?rest_route=%2Fwp%2Fv2%2Fmedia&parent=3122"}],"wp:term":[{"taxonomy":"category","embeddable":true,"href":"https:\/\/www.mfoto.es\/noticias\/index.php?rest_route=%2Fwp%2Fv2%2Fcategories&post=3122"},{"taxonomy":"post_tag","embeddable":true,"href":"https:\/\/www.mfoto.es\/noticias\/index.php?rest_route=%2Fwp%2Fv2%2Ftags&post=3122"}],"curies":[{"name":"wp","href":"https:\/\/api.w.org\/{rel}","templated":true}]}}