{"id":306,"date":"2010-06-14T10:06:10","date_gmt":"2010-06-14T09:06:10","guid":{"rendered":"http:\/\/www.mfoto.es\/2011\/?p=306"},"modified":"2010-06-14T10:06:10","modified_gmt":"2010-06-14T09:06:10","slug":"inaki-tijera-cuarto-en-el-rallye-de-guijuelo-en-2rm","status":"publish","type":"post","link":"https:\/\/www.mfoto.es\/noticias\/?p=306","title":{"rendered":"I\u00f1aki Tijera cuarto en el Rallye de Guijuelo en 2RM"},"content":{"rendered":"<p><img loading=\"lazy\" decoding=\"async\" class=\"alignnone size-full wp-image-307\" title=\"038_tijera_guijuelo\" src=\"https:\/\/www.mfoto.es\/noticias\/wp-content\/uploads_2012\/038_tijera_guijuelo.jpg\" alt=\"\" width=\"450\" height=\"300\" srcset=\"https:\/\/www.mfoto.es\/noticias\/wp-content\/uploads_2012\/038_tijera_guijuelo.jpg 450w, https:\/\/www.mfoto.es\/noticias\/wp-content\/uploads_2012\/038_tijera_guijuelo-300x200.jpg 300w\" sizes=\"auto, (max-width: 450px) 100vw, 450px\" \/><\/p>\n<p>Los bizkainos I\u00f1aki Tijera y Daniel Pereda terminaron en la cuarta posici\u00f3n de la categor\u00eda de dos ruedas motrices en el Rallye de tierra de Guijuelo, que era puntuable para el Campeonato de Espa\u00f1a de Rallyes de Tierra.<\/p>\n<p>En la clasificaci\u00f3n general los alaveses Dani Estevez y Nuria Arag\u00f3n terminaron en la decimotercera posici\u00f3n con un Mitsubishi EVO IX y Carlos Aldecoa con Ainhoa Sarasua no terminaron por problemas mec\u00e1nicos en el Subaru Impreza.<\/p>\n<p>El resto de equipos vascos en la categor\u00eda de dos ruedas motrices fueron Jorge Del Cid y David Carrero con Citroen C2 en la quinta posici\u00f3n, la novena posici\u00f3n era para Javier Arrebola y Ione Tapia con un Opel Astra y la onceava posici\u00f3n era para Luis Vallejo y Alejandro Botella con un Seat Ibiza. Alberto Alonso y Alejandro Segura no pudieron finalizar la prueba debido a problemas mec\u00e1nicos en su VW Golf GTI.<\/p>\n<p>Clasificaci\u00f3n Scratch:<\/p>\n<p>1\u00ba Nani Roma-Jordi Barrab\u00e9s (Mitsubishi Lancer Colt) 44:36.9<br \/>\n2\u00ba Benito Guerra-Dani Cu\u00e9 (Mitsubishi EVO X) a 4.5<br \/>\n3\u00ba Xevi Pons-\u00c1lex Haro (Ford Focus RS WRC) a 29.0<\/p>\n<p>Clasificaci\u00f3n 2 ruedas motrices:<\/p>\n<p>1\u00ba Villanueva-Garay (Peugeot 206 GTI) 52:49.3<br \/>\n2\u00ba Manzanilla-Lumbreras\u00a0(Peugeot 206 RC) a 0.3<br \/>\n3\u00ba Dom\u00ednguez-Dom\u00ednguez\u00a0(Peugeot 207) a 1:09.1<br \/>\n4\u00ba Tijera-Pereda\u00a0(Peugeot 206 RC) a 1:18.0<br \/>\n5\u00ba Del Cid-Carrero (Citroen C2) a 2:36.8<\/p>\n","protected":false},"excerpt":{"rendered":"<p>Los bizkainos I\u00f1aki Tijera y Daniel Pereda terminaron en la cuarta posici\u00f3n de la categor\u00eda de dos ruedas motrices en el Rallye de tierra de Guijuelo, que era puntuable para el Campeonato de Espa\u00f1a de Rallyes de Tierra. En la clasificaci\u00f3n general los alaveses Dani Estevez y Nuria Arag\u00f3n terminaron en la decimotercera posici\u00f3n con [&hellip;]<\/p>\n","protected":false},"author":1,"featured_media":0,"comment_status":"closed","ping_status":"open","sticky":false,"template":"","format":"standard","meta":{"footnotes":""},"categories":[173,5,4,19],"tags":[],"class_list":["post-306","post","type-post","status-publish","format-standard","hentry","category-castilla-leon","category-nacional","category-rallyes","category-tierra"],"_links":{"self":[{"href":"https:\/\/www.mfoto.es\/noticias\/index.php?rest_route=\/wp\/v2\/posts\/306","targetHints":{"allow":["GET"]}}],"collection":[{"href":"https:\/\/www.mfoto.es\/noticias\/index.php?rest_route=\/wp\/v2\/posts"}],"about":[{"href":"https:\/\/www.mfoto.es\/noticias\/index.php?rest_route=\/wp\/v2\/types\/post"}],"author":[{"embeddable":true,"href":"https:\/\/www.mfoto.es\/noticias\/index.php?rest_route=\/wp\/v2\/users\/1"}],"replies":[{"embeddable":true,"href":"https:\/\/www.mfoto.es\/noticias\/index.php?rest_route=%2Fwp%2Fv2%2Fcomments&post=306"}],"version-history":[{"count":0,"href":"https:\/\/www.mfoto.es\/noticias\/index.php?rest_route=\/wp\/v2\/posts\/306\/revisions"}],"wp:attachment":[{"href":"https:\/\/www.mfoto.es\/noticias\/index.php?rest_route=%2Fwp%2Fv2%2Fmedia&parent=306"}],"wp:term":[{"taxonomy":"category","embeddable":true,"href":"https:\/\/www.mfoto.es\/noticias\/index.php?rest_route=%2Fwp%2Fv2%2Fcategories&post=306"},{"taxonomy":"post_tag","embeddable":true,"href":"https:\/\/www.mfoto.es\/noticias\/index.php?rest_route=%2Fwp%2Fv2%2Ftags&post=306"}],"curies":[{"name":"wp","href":"https:\/\/api.w.org\/{rel}","templated":true}]}}