{"id":2985,"date":"2017-10-22T19:03:52","date_gmt":"2017-10-22T18:03:52","guid":{"rendered":"http:\/\/www.mfoto.es\/noticias\/?p=2985"},"modified":"2018-01-04T17:33:07","modified_gmt":"2018-01-04T16:33:07","slug":"ivan-ares-gana-en-santander-y-se-proclama-campeon","status":"publish","type":"post","link":"https:\/\/www.mfoto.es\/noticias\/?p=2985","title":{"rendered":"Iv\u00e1n Ares gana en Santander y se proclama Campe\u00f3n de Espa\u00f1a de Rallyes"},"content":{"rendered":"<p><img loading=\"lazy\" decoding=\"async\" class=\"alignleft\" src=\"https:\/\/www.mfoto.es\/logos\/foto.gif\" alt=\"\" width=\"50\" height=\"36\" \/><\/p>\n<p><strong><a href=\"https:\/\/www.mfoto.es\/fotos\/2017\/019_santander\/\" rel=\"noopener\">FOTOS RALLYE SANTANDER CANTABRIA<\/a><\/strong><\/p>\n<div id=\"attachment_2983\" style=\"width: 460px\" class=\"wp-caption alignnone\"><img loading=\"lazy\" decoding=\"async\" aria-describedby=\"caption-attachment-2983\" class=\"wp-image-2983 size-full\" src=\"https:\/\/www.mfoto.es\/noticias\/wp-content\/uploads_2012\/212_ares_santander.jpg\" alt=\"\" width=\"450\" height=\"300\" srcset=\"https:\/\/www.mfoto.es\/noticias\/wp-content\/uploads_2012\/212_ares_santander.jpg 450w, https:\/\/www.mfoto.es\/noticias\/wp-content\/uploads_2012\/212_ares_santander-300x200.jpg 300w\" sizes=\"auto, (max-width: 450px) 100vw, 450px\" \/><p id=\"caption-attachment-2983\" class=\"wp-caption-text\">Ares y Pintor consegu\u00edan el campeonato en Santander<\/p><\/div>\n<p>Iv\u00e1n Ares y Jos\u00e9 Pintor con el Hyundai i20 R5 ganaban el Rallye Santander-Cantabria y consegu\u00edan matem\u00e1ticamente el Campeonato de Espa\u00f1a de Rallyes 2017. Por detr\u00e1s los hermanos Burgo con el Skoda Fabia R5, que lideraron el rallye durante gran parte de la jornada, ced\u00edan tiempo en los dos \u00faltimos tramos y terminaban a 33.1 segundos.<\/p>\n<p>Joan Vinyes y Jordi Mercader volv\u00edan a hacer otra gran carrera y llegaban en tercera posici\u00f3n con el Suzuki Swift R+ a 1:21.9. La cuarta posici\u00f3n era para Antxustegi e Iglesias con el otro Suzuki Swift R+ a 2:14.1. Con este resultado Suzuki ha conseguido el Campeonato de Espa\u00f1a de Marcas.<\/p>\n<p>La lluvia fue la protagonista por la ma\u00f1ana, dejaba los tramos muy delicados y provocaba varias salidas de carretera, que obligaban a la organizaci\u00f3n a neutralizar dos tramos. En el primer tramo de San Roque-Villacarriedo, abandonaban por accidente el Abarth 124 de Alvaro Mu\u00f1iz y el Citro\u00ebn DS3 de Dani Mart\u00ednez. Surhayen Pern\u00eda se sal\u00eda cuando lideraba la prueba en el cuarto tramo con el Hyundai i20 R5.<\/p>\n<p>David Cort\u00e9s consegu\u00eda la victoria en la Copa Suzuki Swift, Alberto Monarri era segundo a 28.9 y Fredy Tam\u00e9s era tercero a 57.3. En la Dacia Sandero Cup el ganador era Juan Carlos Castro y le segu\u00edan Jos\u00e9 Mar\u00eda Reyes a 28.4 y Angel Paniceres a 31.9 segundos.<\/p>\n<p>El gallego Javier Pardo llegaba hasta la quinta posici\u00f3n scratch y lideraba las clasificaciones del Trofeo de Dos Ruedas Motrices y del Trofeo Junior con un Peugeot 208 R2.<\/p>\n<p>La siguiente prueba del campeonato sera el Rallye La Nuc\u00eda en la provincia de Alicante los d\u00edas 3 y 4 de Noviembre.<\/p>\n<p><em>Clasificaci\u00f3n 38 Rallye Santander-Cantabria 2017:<\/em><br \/>\n1\u00ba Ares-Pintor (Hyundai i20 R5), 1:43:26.9<br \/>\n2\u00ba Burgo-Burgo (Skoda Fabia R5) +33.1<br \/>\n3\u00ba Vinyes-Mercader (Suzuki Swift R+) +1:21.9<br \/>\n4\u00ba Antxustegi-Iglesias (Suzuki Swift R+) +2:14.1<br \/>\n5\u00ba Pardo-P\u00e9rez (Peugeot 208 R2) +7:25.0<\/p>\n<p>&nbsp;<\/p>\n","protected":false},"excerpt":{"rendered":"<p>FOTOS RALLYE SANTANDER CANTABRIA Iv\u00e1n Ares y Jos\u00e9 Pintor con el Hyundai i20 R5 ganaban el Rallye Santander-Cantabria y consegu\u00edan matem\u00e1ticamente el Campeonato de Espa\u00f1a de Rallyes 2017. Por detr\u00e1s los hermanos Burgo con el Skoda Fabia R5, que lideraron el rallye durante gran parte de la jornada, ced\u00edan tiempo en los dos \u00faltimos tramos [&hellip;]<\/p>\n","protected":false},"author":1,"featured_media":0,"comment_status":"closed","ping_status":"closed","sticky":false,"template":"","format":"standard","meta":{"footnotes":""},"categories":[166,51,141,125,10,144,5,187,97,4,72],"tags":[],"class_list":["post-2985","post","type-post","status-publish","format-standard","hentry","category-166","category-antxustegi","category-ares","category-burgo","category-cantabria","category-cera","category-nacional","category-pardo","category-pernia","category-rallyes","category-vinyes"],"_links":{"self":[{"href":"https:\/\/www.mfoto.es\/noticias\/index.php?rest_route=\/wp\/v2\/posts\/2985","targetHints":{"allow":["GET"]}}],"collection":[{"href":"https:\/\/www.mfoto.es\/noticias\/index.php?rest_route=\/wp\/v2\/posts"}],"about":[{"href":"https:\/\/www.mfoto.es\/noticias\/index.php?rest_route=\/wp\/v2\/types\/post"}],"author":[{"embeddable":true,"href":"https:\/\/www.mfoto.es\/noticias\/index.php?rest_route=\/wp\/v2\/users\/1"}],"replies":[{"embeddable":true,"href":"https:\/\/www.mfoto.es\/noticias\/index.php?rest_route=%2Fwp%2Fv2%2Fcomments&post=2985"}],"version-history":[{"count":7,"href":"https:\/\/www.mfoto.es\/noticias\/index.php?rest_route=\/wp\/v2\/posts\/2985\/revisions"}],"predecessor-version":[{"id":3108,"href":"https:\/\/www.mfoto.es\/noticias\/index.php?rest_route=\/wp\/v2\/posts\/2985\/revisions\/3108"}],"wp:attachment":[{"href":"https:\/\/www.mfoto.es\/noticias\/index.php?rest_route=%2Fwp%2Fv2%2Fmedia&parent=2985"}],"wp:term":[{"taxonomy":"category","embeddable":true,"href":"https:\/\/www.mfoto.es\/noticias\/index.php?rest_route=%2Fwp%2Fv2%2Fcategories&post=2985"},{"taxonomy":"post_tag","embeddable":true,"href":"https:\/\/www.mfoto.es\/noticias\/index.php?rest_route=%2Fwp%2Fv2%2Ftags&post=2985"}],"curies":[{"name":"wp","href":"https:\/\/api.w.org\/{rel}","templated":true}]}}