{"id":2975,"date":"2017-10-16T09:08:10","date_gmt":"2017-10-16T08:08:10","guid":{"rendered":"http:\/\/www.mfoto.es\/noticias\/?p=2975"},"modified":"2017-10-22T10:03:49","modified_gmt":"2017-10-22T09:03:49","slug":"victoria-y-campeonato-para-cohete-en-extremadura","status":"publish","type":"post","link":"https:\/\/www.mfoto.es\/noticias\/?p=2975","title":{"rendered":"Victoria y campeonato para \u00abCohete\u00bb en el Rallye Norte de Extremadura"},"content":{"rendered":"<p><img loading=\"lazy\" decoding=\"async\" class=\"alignleft\" src=\"https:\/\/www.mfoto.es\/logos\/foto.gif\" alt=\"\" width=\"50\" height=\"36\" \/><\/p>\n<p><strong><a href=\"https:\/\/www.mfoto.es\/fotos\/2017\/018_extremadura\/\">FOTOS RALLYE NORTE DE EXTREMADURA<\/a><\/strong><\/p>\n<div id=\"attachment_2976\" style=\"width: 460px\" class=\"wp-caption alignnone\"><img loading=\"lazy\" decoding=\"async\" aria-describedby=\"caption-attachment-2976\" class=\"wp-image-2976 size-full\" src=\"https:\/\/www.mfoto.es\/noticias\/wp-content\/uploads_2012\/211_cohete_extremadura.jpg\" alt=\"\" width=\"450\" height=\"300\" srcset=\"https:\/\/www.mfoto.es\/noticias\/wp-content\/uploads_2012\/211_cohete_extremadura.jpg 450w, https:\/\/www.mfoto.es\/noticias\/wp-content\/uploads_2012\/211_cohete_extremadura-300x200.jpg 300w\" sizes=\"auto, (max-width: 450px) 100vw, 450px\" \/><p id=\"caption-attachment-2976\" class=\"wp-caption-text\">Victoria de Jose Antonio Su\u00e1rez \u00abCohete\u00bb y C\u00e1ndido Carrera en Extremadura<\/p><\/div>\n<p>Jose Antonio Su\u00e1rez \u00abCohete\u00bb y C\u00e1ndido Carrera se impon\u00edan en el Rallye Norte de Extremadura con el Peugeot 208 N5. A 1:36.2 se clasificaban Gorka Eizmendi y Diego Sanjuan con un Ford Fiesta R5, y la tercera plaza, a 1:53.6, era para Jorge del Cid y Nerea Odriozola con un Mitsubishi Evo X.<\/p>\n<p>Con este resultado Jose Antonio Su\u00e1rez y C\u00e1ndido Carrera consiguen el Campeonato de Espa\u00f1a de Rallyes de Tierra a falta de celebrar dos pruebas.<\/p>\n<p>Justo detr\u00e1s de los puestos de podio, se situaban los equipos de la Beca R2 y Junior, Efr\u00e9n Llarena y Sara Fern\u00e1ndez, Javier Pardo y Adri\u00e1n P\u00e9rez a 2.6 segundos y Jan Solans y Mauro Barreiro a 19.2 segundos, en la cuarta, quinta y s\u00e9ptima posici\u00f3n de la general, todos con Peugeot 208 R2.<\/p>\n<p>Jorge del Cid ganaba la Mitsubihi Evo Cup, por delante de los canarios Sosa y Quintana y en la copa Kobe Motor con los Toyota Aygo, victoria de Cornet, seguido de Guerra a 22.7 segundos y de Mulero a 56.1 segundos.<\/p>\n<p>La prueba tuvo que ser recortada por falta de visibilidad por el polvo y s\u00f3lo se disputaron 4 de los 8 tramos previstos.<\/p>\n<p>La pr\u00f3xima prueba del campeonato de tierra ser\u00e1 el Rallye Costa Tropical, a disputar en la localidad granadina de Motril los d\u00edas 27 y 28 de Octubre.<\/p>\n<p><em>Clasificaci\u00f3n 8\u00ba Rallye de Tierra Norte de Extremadura 2017:<\/em><br \/>\n1\u00ba Su\u00e1rez-Carrera (Peugeot 208 N5) 34:14.4<br \/>\n2\u00ba Eizmendi-Sanjuan (Ford Fiesta R5) +1:36.2<br \/>\n3\u00ba Del Cid-Odriozola (Mitsubishi Evo X) +1:53.6<br \/>\n4\u00ba Llarena-Fern\u00e1ndez (Peugeot 208 R2) +1:55.2<br \/>\n5\u00ba Pardo-P\u00e9rez (Peugeot 208 R2) +1:57.8<\/p>\n<p>&nbsp;<\/p>\n","protected":false},"excerpt":{"rendered":"<p>FOTOS RALLYE NORTE DE EXTREMADURA Jose Antonio Su\u00e1rez \u00abCohete\u00bb y C\u00e1ndido Carrera se impon\u00edan en el Rallye Norte de Extremadura con el Peugeot 208 N5. A 1:36.2 se clasificaban Gorka Eizmendi y Diego Sanjuan con un Ford Fiesta R5, y la tercera plaza, a 1:53.6, era para Jorge del Cid y Nerea Odriozola con un [&hellip;]<\/p>\n","protected":false},"author":1,"featured_media":0,"comment_status":"closed","ping_status":"closed","sticky":false,"template":"","format":"standard","meta":{"footnotes":""},"categories":[166,145,103,91,133,163,5,187,4,123,115],"tags":[],"class_list":["post-2975","post","type-post","status-publish","format-standard","hentry","category-166","category-cert","category-del-cid","category-eizmendi","category-extremadura","category-llarena","category-nacional","category-pardo","category-rallyes","category-solans","category-suarez"],"_links":{"self":[{"href":"https:\/\/www.mfoto.es\/noticias\/index.php?rest_route=\/wp\/v2\/posts\/2975","targetHints":{"allow":["GET"]}}],"collection":[{"href":"https:\/\/www.mfoto.es\/noticias\/index.php?rest_route=\/wp\/v2\/posts"}],"about":[{"href":"https:\/\/www.mfoto.es\/noticias\/index.php?rest_route=\/wp\/v2\/types\/post"}],"author":[{"embeddable":true,"href":"https:\/\/www.mfoto.es\/noticias\/index.php?rest_route=\/wp\/v2\/users\/1"}],"replies":[{"embeddable":true,"href":"https:\/\/www.mfoto.es\/noticias\/index.php?rest_route=%2Fwp%2Fv2%2Fcomments&post=2975"}],"version-history":[{"count":6,"href":"https:\/\/www.mfoto.es\/noticias\/index.php?rest_route=\/wp\/v2\/posts\/2975\/revisions"}],"predecessor-version":[{"id":2984,"href":"https:\/\/www.mfoto.es\/noticias\/index.php?rest_route=\/wp\/v2\/posts\/2975\/revisions\/2984"}],"wp:attachment":[{"href":"https:\/\/www.mfoto.es\/noticias\/index.php?rest_route=%2Fwp%2Fv2%2Fmedia&parent=2975"}],"wp:term":[{"taxonomy":"category","embeddable":true,"href":"https:\/\/www.mfoto.es\/noticias\/index.php?rest_route=%2Fwp%2Fv2%2Fcategories&post=2975"},{"taxonomy":"post_tag","embeddable":true,"href":"https:\/\/www.mfoto.es\/noticias\/index.php?rest_route=%2Fwp%2Fv2%2Ftags&post=2975"}],"curies":[{"name":"wp","href":"https:\/\/api.w.org\/{rel}","templated":true}]}}