{"id":296,"date":"2010-06-08T12:25:01","date_gmt":"2010-06-08T11:25:01","guid":{"rendered":"http:\/\/www.mfoto.es\/2011\/?p=296"},"modified":"2010-06-08T12:25:01","modified_gmt":"2010-06-08T11:25:01","slug":"lujua-primer-turismo-en-la-subida-a-leitariegos","status":"publish","type":"post","link":"https:\/\/www.mfoto.es\/noticias\/?p=296","title":{"rendered":"Lujua, primer turismo en la Subida a Leitariegos"},"content":{"rendered":"<p><a href=\"https:\/\/www.mfoto.es\/noticias\/wp-content\/uploads_2012\/036_lujua_leitariegos.jpg\"><img loading=\"lazy\" decoding=\"async\" class=\"alignnone size-full wp-image-297\" title=\"036_lujua_leitariegos\" src=\"https:\/\/www.mfoto.es\/noticias\/wp-content\/uploads_2012\/036_lujua_leitariegos.jpg\" alt=\"\" width=\"450\" height=\"300\" srcset=\"https:\/\/www.mfoto.es\/noticias\/wp-content\/uploads_2012\/036_lujua_leitariegos.jpg 450w, https:\/\/www.mfoto.es\/noticias\/wp-content\/uploads_2012\/036_lujua_leitariegos-300x200.jpg 300w\" sizes=\"auto, (max-width: 450px) 100vw, 450px\" \/><\/a><\/p>\n<p>Xabier Lujua consigui\u00f3 la primera posici\u00f3n en turismos y la cuarta posici\u00f3n scratch en la Subida a Leitariegos, celebrada el pasado fin de semana en Le\u00f3n.<\/p>\n<p>La victoria de la prueba fue para Jose Antonio Varela con un Silver Car CM, seguido de Jos\u00e9 Alonso Lomabradia con otro Silver Car y la tercera posici\u00f3n fue para Adolfo Posada con la barqueta Osella PA. A continuaci\u00f3n se clasificaban Xabier Lujua y Fran Cima, ambos con Mitsubishi EVO X.<\/p>\n<p>CLASIFICACI\u00d3N:<\/p>\n<p>1\u00ba Varela (Silvercar S2) 03:34,504<br \/>\n2\u00ba Alonso (Silver Car 1000) a 3,1 s<br \/>\n3\u00ba Posada (Osella PA) a 4,8 s<br \/>\n4\u00ba Lujua (Mitsubishi EVO X) a 12,6 s<br \/>\n5\u00ba Cima (Mitsubishi EVO X) a 16,1 s<\/p>\n","protected":false},"excerpt":{"rendered":"<p>Xabier Lujua consigui\u00f3 la primera posici\u00f3n en turismos y la cuarta posici\u00f3n scratch en la Subida a Leitariegos, celebrada el pasado fin de semana en Le\u00f3n. La victoria de la prueba fue para Jose Antonio Varela con un Silver Car CM, seguido de Jos\u00e9 Alonso Lomabradia con otro Silver Car y la tercera posici\u00f3n fue [&hellip;]<\/p>\n","protected":false},"author":1,"featured_media":0,"comment_status":"closed","ping_status":"open","sticky":false,"template":"","format":"standard","meta":{"footnotes":""},"categories":[173,54,177,4],"tags":[],"class_list":["post-296","post","type-post","status-publish","format-standard","hentry","category-castilla-leon","category-lujua","category-montana","category-rallyes"],"_links":{"self":[{"href":"https:\/\/www.mfoto.es\/noticias\/index.php?rest_route=\/wp\/v2\/posts\/296","targetHints":{"allow":["GET"]}}],"collection":[{"href":"https:\/\/www.mfoto.es\/noticias\/index.php?rest_route=\/wp\/v2\/posts"}],"about":[{"href":"https:\/\/www.mfoto.es\/noticias\/index.php?rest_route=\/wp\/v2\/types\/post"}],"author":[{"embeddable":true,"href":"https:\/\/www.mfoto.es\/noticias\/index.php?rest_route=\/wp\/v2\/users\/1"}],"replies":[{"embeddable":true,"href":"https:\/\/www.mfoto.es\/noticias\/index.php?rest_route=%2Fwp%2Fv2%2Fcomments&post=296"}],"version-history":[{"count":0,"href":"https:\/\/www.mfoto.es\/noticias\/index.php?rest_route=\/wp\/v2\/posts\/296\/revisions"}],"wp:attachment":[{"href":"https:\/\/www.mfoto.es\/noticias\/index.php?rest_route=%2Fwp%2Fv2%2Fmedia&parent=296"}],"wp:term":[{"taxonomy":"category","embeddable":true,"href":"https:\/\/www.mfoto.es\/noticias\/index.php?rest_route=%2Fwp%2Fv2%2Fcategories&post=296"},{"taxonomy":"post_tag","embeddable":true,"href":"https:\/\/www.mfoto.es\/noticias\/index.php?rest_route=%2Fwp%2Fv2%2Ftags&post=296"}],"curies":[{"name":"wp","href":"https:\/\/api.w.org\/{rel}","templated":true}]}}