{"id":2955,"date":"2017-10-03T11:04:29","date_gmt":"2017-10-03T10:04:29","guid":{"rendered":"http:\/\/www.mfoto.es\/noticias\/?p=2955"},"modified":"2017-10-03T22:02:51","modified_gmt":"2017-10-03T21:02:51","slug":"ares-se-acerca-al-titulo-tras-ganar-en-llanes","status":"publish","type":"post","link":"https:\/\/www.mfoto.es\/noticias\/?p=2955","title":{"rendered":"Ares se acerca al t\u00edtulo tras ganar en Llanes"},"content":{"rendered":"<p><img loading=\"lazy\" decoding=\"async\" class=\"alignleft\" src=\"https:\/\/www.mfoto.es\/logos\/foto.gif\" alt=\"\" width=\"50\" height=\"36\" \/><\/p>\n<p><strong><a href=\"https:\/\/www.mfoto.es\/fotos\/2017\/016_llanes\/\">FOTOS RALLYE VILLA DE LLANES<\/a><\/strong><\/p>\n<div id=\"attachment_2956\" style=\"width: 460px\" class=\"wp-caption alignnone\"><img loading=\"lazy\" decoding=\"async\" aria-describedby=\"caption-attachment-2956\" class=\"wp-image-2956 size-full\" src=\"https:\/\/www.mfoto.es\/noticias\/wp-content\/uploads_2012\/209_ares_llanes.jpg\" alt=\"\" width=\"450\" height=\"300\" srcset=\"https:\/\/www.mfoto.es\/noticias\/wp-content\/uploads_2012\/209_ares_llanes.jpg 450w, https:\/\/www.mfoto.es\/noticias\/wp-content\/uploads_2012\/209_ares_llanes-300x200.jpg 300w\" sizes=\"auto, (max-width: 450px) 100vw, 450px\" \/><p id=\"caption-attachment-2956\" class=\"wp-caption-text\">Ares y Pintor ganaban en Llanes con el Hyundai i20 R5<\/p><\/div>\n<p>El Rallye Villa de Llanes de este a\u00f1o estuvo marcado por el mal tiempo, que dejaba los tramos extremadamente deslizantes. Desde el segundo tramo Ares y Pintor se pon\u00edan en cabeza de la clasificaci\u00f3n con el Hyundai i20 R5 y llegaban a meta como ganadores de la prueba.<\/p>\n<p>Por detr\u00e1s, a 14,3 segundos, se clasificaban Vinyes y Mercader con el Suzuki Swift R+, que consegu\u00edan dos scratch y a falta del \u00faltimo tramo estaban a s\u00f3lo 3.8 segundos de Ares. La tercera plaza era para Pern\u00eda y Del Barrio con otro Hyundai i20 R5 que tras perder mucho tiempo en el primer tramo al quedarse sin luces, recuperaba y se sub\u00eda al podio final.<\/p>\n<p>Cristian Garc\u00eda con el Ford Fiesta R5, se mantuvo toda la prueba en segundo plano, a pesar de hacer dos scratch y ganar el TC Plus. En la rueda de prensa previa Cristian comentaba que no va a seguir disputando el campeonato y su inter\u00e9s era no da\u00f1ar el coche para el Rallye de Catalunya que se disputa la semana siguiente.<\/p>\n<p>En Llanes tambi\u00e9n ten\u00eda cita la Beca R2 en la que Solans consegu\u00eda la victoria, seguido por Pardo a 9.7 segundos, Blach a 52.6 segundos y Llarena a 1:14.3. Efr\u00e9n Llarena doblaba el puente trasero tras un toque en Carmen-Torre y pod\u00eda continuar tras cederle su puente el equipo formado por Txutxi P\u00e9rez e Igor Zatika, que abandonaban la prueba. A pesar de terminar en la \u00faltima posici\u00f3n, tras hacer 6 scratch, s\u00f3lo perd\u00eda 2 puntos en la general con Solans y sigue l\u00edder de la Beca R2.<\/p>\n<p>Destacar los tiempos de Jose Manuel Mora con el Peugeot 208 R2 que ganaba a todos los participantes de la Beca R2 a pesar de encontrarse indispuesto en algunos tramos de la tarde.<\/p>\n<p>En la Copa Suzuki Swift, el local Fredy Tames ganaba con holgura, distanciando a Cort\u00e9s a 53.9 y a Monarri a 56 segundos.<\/p>\n<p>P\u00e9rez ganaba la Dacia Sandero Cup, seguido a 23.1 segundos por Castro y a 1:23.1 por Paniceres.<\/p>\n<p>La pr\u00f3xima cita puntuable ser\u00e1 el Rallye Santander-Cantabria los d\u00edas 20 y 21 de Octubre.<\/p>\n<p><em>Clasificaci\u00f3n 41 Rallye Villa de Llanes 2017:<\/em><br \/>\n1\u00ba Ares-Pintor (Hyundai i20 R5) 1:44:30.9<br \/>\n2\u00ba Vinyes-Mercader (Suzuki Swift R+) +14.3<br \/>\n3\u00ba Pern\u00eda-Del Barrio (Hyundai i20 R5) +30.6<br \/>\n4\u00ba Burgo-Burgo (Skoda Fabia R5) +33.7<br \/>\n5\u00ba Garc\u00eda-Marcos (Ford Fiesta R5) +57.5<\/p>\n<p>&nbsp;<\/p>\n","protected":false},"excerpt":{"rendered":"<p>FOTOS RALLYE VILLA DE LLANES El Rallye Villa de Llanes de este a\u00f1o estuvo marcado por el mal tiempo, que dejaba los tramos extremadamente deslizantes. Desde el segundo tramo Ares y Pintor se pon\u00edan en cabeza de la clasificaci\u00f3n con el Hyundai i20 R5 y llegaban a meta como ganadores de la prueba. Por detr\u00e1s, [&hellip;]<\/p>\n","protected":false},"author":1,"featured_media":0,"comment_status":"closed","ping_status":"closed","sticky":false,"template":"","format":"standard","meta":{"footnotes":""},"categories":[166,141,15,125,144,146,163,153,149,5,97,4,123,81,72],"tags":[],"class_list":["post-2955","post","type-post","status-publish","format-standard","hentry","category-166","category-ares","category-asturias","category-burgo","category-cera","category-garcia","category-llarena","category-monarri","category-mora","category-nacional","category-pernia","category-rallyes","category-solans","category-txutxi","category-vinyes"],"_links":{"self":[{"href":"https:\/\/www.mfoto.es\/noticias\/index.php?rest_route=\/wp\/v2\/posts\/2955","targetHints":{"allow":["GET"]}}],"collection":[{"href":"https:\/\/www.mfoto.es\/noticias\/index.php?rest_route=\/wp\/v2\/posts"}],"about":[{"href":"https:\/\/www.mfoto.es\/noticias\/index.php?rest_route=\/wp\/v2\/types\/post"}],"author":[{"embeddable":true,"href":"https:\/\/www.mfoto.es\/noticias\/index.php?rest_route=\/wp\/v2\/users\/1"}],"replies":[{"embeddable":true,"href":"https:\/\/www.mfoto.es\/noticias\/index.php?rest_route=%2Fwp%2Fv2%2Fcomments&post=2955"}],"version-history":[{"count":9,"href":"https:\/\/www.mfoto.es\/noticias\/index.php?rest_route=\/wp\/v2\/posts\/2955\/revisions"}],"predecessor-version":[{"id":2965,"href":"https:\/\/www.mfoto.es\/noticias\/index.php?rest_route=\/wp\/v2\/posts\/2955\/revisions\/2965"}],"wp:attachment":[{"href":"https:\/\/www.mfoto.es\/noticias\/index.php?rest_route=%2Fwp%2Fv2%2Fmedia&parent=2955"}],"wp:term":[{"taxonomy":"category","embeddable":true,"href":"https:\/\/www.mfoto.es\/noticias\/index.php?rest_route=%2Fwp%2Fv2%2Fcategories&post=2955"},{"taxonomy":"post_tag","embeddable":true,"href":"https:\/\/www.mfoto.es\/noticias\/index.php?rest_route=%2Fwp%2Fv2%2Ftags&post=2955"}],"curies":[{"name":"wp","href":"https:\/\/api.w.org\/{rel}","templated":true}]}}