{"id":2905,"date":"2017-06-04T10:31:46","date_gmt":"2017-06-04T09:31:46","guid":{"rendered":"http:\/\/www.mfoto.es\/noticias\/?p=2905"},"modified":"2017-06-04T16:48:57","modified_gmt":"2017-06-04T15:48:57","slug":"victoria-de-lucky-en-el-rally-de-asturias-historico","status":"publish","type":"post","link":"https:\/\/www.mfoto.es\/noticias\/?p=2905","title":{"rendered":"Victoria de Lucky en el Rally de Asturias Hist\u00f3rico"},"content":{"rendered":"<p><img loading=\"lazy\" decoding=\"async\" class=\"alignleft\" src=\"https:\/\/www.mfoto.es\/logos\/foto.gif\" alt=\"\" width=\"50\" height=\"36\" \/><\/p>\n<p><strong><a href=\"https:\/\/www.mfoto.es\/fotos\/2017\/012_asturias_historico\/\">FOTOS RALLY ASTURIAS HISTORICO<\/a><\/strong><\/p>\n<div id=\"attachment_2906\" style=\"width: 460px\" class=\"wp-caption alignnone\"><img loading=\"lazy\" decoding=\"async\" aria-describedby=\"caption-attachment-2906\" class=\"wp-image-2906 size-full\" src=\"https:\/\/www.mfoto.es\/noticias\/wp-content\/uploads_2012\/205_lucky_asturias.jpg\" alt=\"\" width=\"450\" height=\"300\" srcset=\"https:\/\/www.mfoto.es\/noticias\/wp-content\/uploads_2012\/205_lucky_asturias.jpg 450w, https:\/\/www.mfoto.es\/noticias\/wp-content\/uploads_2012\/205_lucky_asturias-300x200.jpg 300w\" sizes=\"auto, (max-width: 450px) 100vw, 450px\" \/><p id=\"caption-attachment-2906\" class=\"wp-caption-text\">Lucky y Pons ganaban el Rally de Asturias Hist\u00f3rico<\/p><\/div>\n<p>El Rally de Asturias Hist\u00f3rico terminaba con la victoria del equipo italiano formado por Luigi Battistolli \u00abLucky\u00bb y Fabrizia Pons a bordo de un Lancia Delta Integrale. Al terminar la etapa del viernes lideraban el rallye con poco m\u00e1s de un segundo de ventaja, pero la lluvia que cay\u00f3 en la ma\u00f1ana del s\u00e1bado sac\u00f3 a relucir las ventajas de la tracci\u00f3n a las cuatro ruedas del Lancia Integrale.<\/p>\n<p>La segunda posici\u00f3n era para los vencedores de la pasada edici\u00f3n, Erik Comas y Yannick Roche, con un Lancia Stratos a 42.9 segundos y la tercera plaza del podio era para los italianos Lucio da Zanche y Luca Beltrame, con un Porsche Carrera RS, que terminaban 1:33.7 de los ganadores.<\/p>\n<p>En la clasificaci\u00f3n para el Campeonato de Espa\u00f1a de Veh\u00edculos Hist\u00f3ricos, la victoria era para Cele Foncueva y David de la Puente con un Ford Sierra Cosworth 4&#215;4, la segunda plaza para Antonio Sainz y Javier Mart\u00ednez con un Porsche Carrera RS y la tercera posici\u00f3n era para Ram\u00f3n Mart\u00ednez e Iker Balerdi con un Peugeot 309 GTI 16V.<\/p>\n<p><em>Clasificaci\u00f3n FIA:<\/em><br \/>\n1\u00ba \u00abLucky\u00bb-Pons (Lancia Delta HF Integrale 16V) 1:36:14.4<br \/>\n2\u00ba Comas-Roche (Lancia Stratos HF) +42.9<br \/>\n3\u00ba da Zanche-Beltrame (Porsche Carrera RS) +1:33.7<br \/>\n4\u00ba Foncueva-de la Puente (Ford Sierra Cosworth 4&#215;4) +4:21.5<br \/>\n5\u00ba Wagner-Zauner (Porsche 911 SC) +6:36.3<\/p>\n<p><em>Clasificaci\u00f3n Campeonato de Espa\u00f1a:<\/em><br \/>\n1\u00ba Foncueva-de la Puente (Ford Sierra Cosworth 4&#215;4) 1:40:35.9<br \/>\n2\u00ba Sainz-Mart\u00ednez (Porsche Carrera RS 3.0) +4:34.5<br \/>\n3\u00ba Mart\u00ednez-Balerdi (Peugeot 309 GTI 16V) +5:55.6<br \/>\n4\u00ba Garc\u00eda-Garc\u00eda (Volkswagen Golf GTi) +6:11.2<br \/>\n5\u00ba Mart\u00ednez-Fern\u00e1ndez (Peugeot 309 GTi 16V) +7:25.2<\/p>\n<p>&nbsp;<\/p>\n","protected":false},"excerpt":{"rendered":"<p>FOTOS RALLY ASTURIAS HISTORICO El Rally de Asturias Hist\u00f3rico terminaba con la victoria del equipo italiano formado por Luigi Battistolli \u00abLucky\u00bb y Fabrizia Pons a bordo de un Lancia Delta Integrale. Al terminar la etapa del viernes lideraban el rallye con poco m\u00e1s de un segundo de ventaja, pero la lluvia que cay\u00f3 en la [&hellip;]<\/p>\n","protected":false},"author":1,"featured_media":0,"comment_status":"closed","ping_status":"closed","sticky":false,"template":"","format":"standard","meta":{"footnotes":""},"categories":[166,15,16,150,186,185,5,4],"tags":[],"class_list":["post-2905","post","type-post","status-publish","format-standard","hentry","category-166","category-asturias","category-clasicos","category-comas","category-foncueva","category-lucky","category-nacional","category-rallyes"],"_links":{"self":[{"href":"https:\/\/www.mfoto.es\/noticias\/index.php?rest_route=\/wp\/v2\/posts\/2905","targetHints":{"allow":["GET"]}}],"collection":[{"href":"https:\/\/www.mfoto.es\/noticias\/index.php?rest_route=\/wp\/v2\/posts"}],"about":[{"href":"https:\/\/www.mfoto.es\/noticias\/index.php?rest_route=\/wp\/v2\/types\/post"}],"author":[{"embeddable":true,"href":"https:\/\/www.mfoto.es\/noticias\/index.php?rest_route=\/wp\/v2\/users\/1"}],"replies":[{"embeddable":true,"href":"https:\/\/www.mfoto.es\/noticias\/index.php?rest_route=%2Fwp%2Fv2%2Fcomments&post=2905"}],"version-history":[{"count":8,"href":"https:\/\/www.mfoto.es\/noticias\/index.php?rest_route=\/wp\/v2\/posts\/2905\/revisions"}],"predecessor-version":[{"id":2914,"href":"https:\/\/www.mfoto.es\/noticias\/index.php?rest_route=\/wp\/v2\/posts\/2905\/revisions\/2914"}],"wp:attachment":[{"href":"https:\/\/www.mfoto.es\/noticias\/index.php?rest_route=%2Fwp%2Fv2%2Fmedia&parent=2905"}],"wp:term":[{"taxonomy":"category","embeddable":true,"href":"https:\/\/www.mfoto.es\/noticias\/index.php?rest_route=%2Fwp%2Fv2%2Fcategories&post=2905"},{"taxonomy":"post_tag","embeddable":true,"href":"https:\/\/www.mfoto.es\/noticias\/index.php?rest_route=%2Fwp%2Fv2%2Ftags&post=2905"}],"curies":[{"name":"wp","href":"https:\/\/api.w.org\/{rel}","templated":true}]}}