{"id":287,"date":"2010-06-09T18:24:46","date_gmt":"2010-06-09T17:24:46","guid":{"rendered":"http:\/\/www.mfoto.es\/2011\/?p=287"},"modified":"2010-06-09T18:24:46","modified_gmt":"2010-06-09T17:24:46","slug":"siete-equipos-vascos-el-en-rallye-de-tierra-de-guijuelo","status":"publish","type":"post","link":"https:\/\/www.mfoto.es\/noticias\/?p=287","title":{"rendered":"Ocho equipos vascos el en Rallye de Tierra de Guijuelo"},"content":{"rendered":"<p><img loading=\"lazy\" decoding=\"async\" class=\"alignnone size-full wp-image-294\" title=\"037_del_cid_guijuelo\" src=\"https:\/\/www.mfoto.es\/noticias\/wp-content\/uploads_2012\/037_del_cid_guijuelo.jpg\" alt=\"\" width=\"450\" height=\"300\" srcset=\"https:\/\/www.mfoto.es\/noticias\/wp-content\/uploads_2012\/037_del_cid_guijuelo.jpg 450w, https:\/\/www.mfoto.es\/noticias\/wp-content\/uploads_2012\/037_del_cid_guijuelo-300x200.jpg 300w\" sizes=\"auto, (max-width: 450px) 100vw, 450px\" \/><\/p>\n<p>Dani Estevez y Nuria Arag\u00f3n con un Mitsubishi EVO IX, Carlos Aldecoa y Ainhoa Sarasua con un Subaru Impreza,\u00a0Jorge Del Cid y David Carrero con un Citroen C2, Luis Vallejo y Alejandro Botella con un Seat Ibiza, I\u00f1aki Tijera y Dani Pereda con un Peugeot 206 RC, Javier Arrebola y Ione Tapia con Un Opel Astra, Alberto Alonso y Alejandro Segura con un VW Golf y Borja Aguado como copiloto de Rafael Villanueva, ser\u00e1n los representantes vascos en el Rallye de Tierra de Guijuelo entre los 42 equipos inscritos.<\/p>\n<p>La prueba es puntuable para el Campeonato de Espa\u00f1a de Rallyes de Tierra 2010 y se celebrar\u00e1 el s\u00e1bado d\u00eda 12 en la localidad salmantina de Guijuelo.<\/p>\n<p>Mas informaci\u00f3n:<\/p>\n<p><a href=\"http:\/\/www.rallyesdetierra.com\/camp\/002.php?id=3&amp;ide=37\" target=\"_blank\"><br \/>\nhttp:\/\/www.rallyesdetierra.com<\/a><\/p>\n","protected":false},"excerpt":{"rendered":"<p>Dani Estevez y Nuria Arag\u00f3n con un Mitsubishi EVO IX, Carlos Aldecoa y Ainhoa Sarasua con un Subaru Impreza,\u00a0Jorge Del Cid y David Carrero con un Citroen C2, Luis Vallejo y Alejandro Botella con un Seat Ibiza, I\u00f1aki Tijera y Dani Pereda con un Peugeot 206 RC, Javier Arrebola y Ione Tapia con Un Opel [&hellip;]<\/p>\n","protected":false},"author":1,"featured_media":0,"comment_status":"closed","ping_status":"open","sticky":false,"template":"","format":"standard","meta":{"footnotes":""},"categories":[173,5,4,19],"tags":[],"class_list":["post-287","post","type-post","status-publish","format-standard","hentry","category-castilla-leon","category-nacional","category-rallyes","category-tierra"],"_links":{"self":[{"href":"https:\/\/www.mfoto.es\/noticias\/index.php?rest_route=\/wp\/v2\/posts\/287","targetHints":{"allow":["GET"]}}],"collection":[{"href":"https:\/\/www.mfoto.es\/noticias\/index.php?rest_route=\/wp\/v2\/posts"}],"about":[{"href":"https:\/\/www.mfoto.es\/noticias\/index.php?rest_route=\/wp\/v2\/types\/post"}],"author":[{"embeddable":true,"href":"https:\/\/www.mfoto.es\/noticias\/index.php?rest_route=\/wp\/v2\/users\/1"}],"replies":[{"embeddable":true,"href":"https:\/\/www.mfoto.es\/noticias\/index.php?rest_route=%2Fwp%2Fv2%2Fcomments&post=287"}],"version-history":[{"count":0,"href":"https:\/\/www.mfoto.es\/noticias\/index.php?rest_route=\/wp\/v2\/posts\/287\/revisions"}],"wp:attachment":[{"href":"https:\/\/www.mfoto.es\/noticias\/index.php?rest_route=%2Fwp%2Fv2%2Fmedia&parent=287"}],"wp:term":[{"taxonomy":"category","embeddable":true,"href":"https:\/\/www.mfoto.es\/noticias\/index.php?rest_route=%2Fwp%2Fv2%2Fcategories&post=287"},{"taxonomy":"post_tag","embeddable":true,"href":"https:\/\/www.mfoto.es\/noticias\/index.php?rest_route=%2Fwp%2Fv2%2Ftags&post=287"}],"curies":[{"name":"wp","href":"https:\/\/api.w.org\/{rel}","templated":true}]}}