{"id":2807,"date":"2017-01-17T14:56:47","date_gmt":"2017-01-17T13:56:47","guid":{"rendered":"http:\/\/www.mfoto.es\/noticias\/?p=2807"},"modified":"2017-03-20T15:10:27","modified_gmt":"2017-03-20T14:10:27","slug":"calendarios-2017","status":"publish","type":"post","link":"https:\/\/www.mfoto.es\/noticias\/?p=2807","title":{"rendered":"Calendarios 2017"},"content":{"rendered":"<p><img loading=\"lazy\" decoding=\"async\" class=\"alignnone size-full wp-image-2808\" src=\"https:\/\/www.mfoto.es\/noticias\/wp-content\/uploads_2012\/191_logo_calendarios_rfeda_2017.png\" alt=\"\" width=\"450\" height=\"300\" srcset=\"https:\/\/www.mfoto.es\/noticias\/wp-content\/uploads_2012\/191_logo_calendarios_rfeda_2017.png 450w, https:\/\/www.mfoto.es\/noticias\/wp-content\/uploads_2012\/191_logo_calendarios_rfeda_2017-300x200.png 300w\" sizes=\"auto, (max-width: 450px) 100vw, 450px\" \/><\/p>\n<p>La Real Federaci\u00f3n Espa\u00f1ola de Automovilismo, ha dado a conocer recientemente el calendario provisional de las pruebas puntuables para los Campeonatos de Espa\u00f1a de Rallyes 2017 de Asfalto y Tierra. Las fechas son a\u00fan provisionales hasta su aprobaci\u00f3n por la asamblea de la RFEDA.<\/p>\n<p><strong>Campeonato de Espa\u00f1a de Rallyes de Asfalto:<\/strong><br \/>\n\u2013 Rallye do Cocido (preinspecci\u00f3n): 4 Marzo<br \/>\n\u2013 Rallye Sierra Morena: 18 Marzo<br \/>\n\u2013 Rallye Islas Canarias (coef. 1.2): 6 Mayo<br \/>\n\u2013 Rallye Adeje: 13 Mayo<br \/>\n\u2013 Rallye Ourense (coef. 1.2): 10 Junio<br \/>\n\u2013 Rallye Ferrol: 8 Julio<br \/>\n\u2013 Rallye Princesa de Asturias: 16 Septiembre<br \/>\n\u2013 Rallye Villa de Llanes: 30 Septiembre<br \/>\n\u2013 Rallye R\u00edas Baixas-Eurocidade (reserva): 14 Octubre<br \/>\n\u2013 Rallye Cantabria: <del datetime=\"2017-03-03T16:25:32+00:00\"> 1 Abril <\/del> &gt; 20\u00a0Octubre<br \/>\n\u2013 Rallye La Nuc\u00eda: 4 Noviembre<br \/>\n\u2013 Rallye Comunidad de Madrid-RACE: 25 Noviembre<\/p>\n<p><strong>Campeonato de Espa\u00f1a de Rallyes de Tierra:<\/strong><br \/>\n\u2013 Rallye Lorca: 11 Marzo<br \/>\n\u2013 Rallye Navarra: 8\u00a0Abril<br \/>\n\u2013 Rallye Astorga (preinspecci\u00f3n): 29 Abril<br \/>\n\u2013 Rallye Galicia: 27 Mayo<br \/>\n\u2013 Rallye Bierzo: 1 Julio<br \/>\n\u2013 Rallye Cervera: 2 Septiembre<br \/>\n\u2013 Rallye Extremadura: <del>7 Octubre<\/del> &gt; 14 Octubre<br \/>\n\u2013 Rallye Malaga: 28 Octubre<br \/>\n\u2013 Rallye Pozoblanco: 18 Noviembre<\/p>\n<p><strong>Campeonato de Espa\u00f1a de Rallyes de Veh\u00edculos Hist\u00f3ricos:<\/strong><br \/>\n\u2013 Rallye Costa Brava: 25 Marzo<br \/>\n\u2013 Rallye Asturias: 3 Junio<br \/>\n\u2013 Rallye Avil\u00e9s: 8 Julio<br \/>\n\u2013 Rallye Extremadura: 2 Septiembre<br \/>\n\u2013 Rallye R\u00edas Altas: 14 Octubre<\/p>\n<p>&nbsp;<\/p>\n<p>El calendario completo en PDF se puede consultar <strong><a href=\"https:\/\/www.rfeda.es\/documents\/20185\/780714\/Calendario+2017\" target=\"_blank\">aqu\u00ed<\/a><\/strong>:<\/p>\n<p>&nbsp;<\/p>\n","protected":false},"excerpt":{"rendered":"<p>La Real Federaci\u00f3n Espa\u00f1ola de Automovilismo, ha dado a conocer recientemente el calendario provisional de las pruebas puntuables para los Campeonatos de Espa\u00f1a de Rallyes 2017 de Asfalto y Tierra. Las fechas son a\u00fan provisionales hasta su aprobaci\u00f3n por la asamblea de la RFEDA. Campeonato de Espa\u00f1a de Rallyes de Asfalto: \u2013 Rallye do Cocido [&hellip;]<\/p>\n","protected":false},"author":1,"featured_media":0,"comment_status":"closed","ping_status":"closed","sticky":false,"template":"","format":"standard","meta":{"footnotes":""},"categories":[166,144,145,16,5,4],"tags":[],"class_list":["post-2807","post","type-post","status-publish","format-standard","hentry","category-166","category-cera","category-cert","category-clasicos","category-nacional","category-rallyes"],"_links":{"self":[{"href":"https:\/\/www.mfoto.es\/noticias\/index.php?rest_route=\/wp\/v2\/posts\/2807","targetHints":{"allow":["GET"]}}],"collection":[{"href":"https:\/\/www.mfoto.es\/noticias\/index.php?rest_route=\/wp\/v2\/posts"}],"about":[{"href":"https:\/\/www.mfoto.es\/noticias\/index.php?rest_route=\/wp\/v2\/types\/post"}],"author":[{"embeddable":true,"href":"https:\/\/www.mfoto.es\/noticias\/index.php?rest_route=\/wp\/v2\/users\/1"}],"replies":[{"embeddable":true,"href":"https:\/\/www.mfoto.es\/noticias\/index.php?rest_route=%2Fwp%2Fv2%2Fcomments&post=2807"}],"version-history":[{"count":11,"href":"https:\/\/www.mfoto.es\/noticias\/index.php?rest_route=\/wp\/v2\/posts\/2807\/revisions"}],"predecessor-version":[{"id":2837,"href":"https:\/\/www.mfoto.es\/noticias\/index.php?rest_route=\/wp\/v2\/posts\/2807\/revisions\/2837"}],"wp:attachment":[{"href":"https:\/\/www.mfoto.es\/noticias\/index.php?rest_route=%2Fwp%2Fv2%2Fmedia&parent=2807"}],"wp:term":[{"taxonomy":"category","embeddable":true,"href":"https:\/\/www.mfoto.es\/noticias\/index.php?rest_route=%2Fwp%2Fv2%2Fcategories&post=2807"},{"taxonomy":"post_tag","embeddable":true,"href":"https:\/\/www.mfoto.es\/noticias\/index.php?rest_route=%2Fwp%2Fv2%2Ftags&post=2807"}],"curies":[{"name":"wp","href":"https:\/\/api.w.org\/{rel}","templated":true}]}}