{"id":2798,"date":"2016-11-22T19:47:41","date_gmt":"2016-11-22T18:47:41","guid":{"rendered":"http:\/\/www.mfoto.es\/noticias\/?p=2798"},"modified":"2016-11-23T17:29:16","modified_gmt":"2016-11-23T16:29:16","slug":"cristian-garcia-termina-el-ano-con-victoria-en-madrid","status":"publish","type":"post","link":"https:\/\/www.mfoto.es\/noticias\/?p=2798","title":{"rendered":"Cristian Garc\u00eda termina el a\u00f1o con victoria en Madrid"},"content":{"rendered":"<p><img loading=\"lazy\" decoding=\"async\" class=\"alignleft\" src=\"https:\/\/www.mfoto.es\/logos\/foto.gif\" alt=\"\" width=\"50\" height=\"36\" \/><\/p>\n<p><strong><a href=\"https:\/\/www.mfoto.es\/fotos\/2016\/019_madrid\/\">FOTOS RALLYE COMUNIDAD DE MADRID &#8211; RACE<\/a><\/strong><\/p>\n<div style=\"width: 460px\" class=\"wp-caption alignnone\"><img loading=\"lazy\" decoding=\"async\" class=\"wp-image-2799 size-full\" src=\"https:\/\/www.mfoto.es\/noticias\/wp-content\/uploads_2012\/190_garcia_madrid.jpg\" alt=\"190_garcia_madrid\" width=\"450\" height=\"300\" srcset=\"https:\/\/www.mfoto.es\/noticias\/wp-content\/uploads_2012\/190_garcia_madrid.jpg 450w, https:\/\/www.mfoto.es\/noticias\/wp-content\/uploads_2012\/190_garcia_madrid-300x200.jpg 300w\" sizes=\"auto, (max-width: 450px) 100vw, 450px\" \/><p class=\"wp-caption-text\">Cristian Garc\u00eda y Rebeca Liso ganaban tambi\u00e9n en Madrid<\/p><\/div>\n<p>Cristian Garc\u00eda consegu\u00eda tambi\u00e9n la victoria en el Rallye Comunidad de Madrid y cerraba una temporada perfecta a bordo del Mitsubishi EVO X con siete victorias de diez posibles y Rebeca Liso se llevaba el t\u00edtulo de copilotos. En el podio les acompa\u00f1aron los hermanos Vallejo que acabaron a 26.3 segundos con el Citroen DS3 R5 y Nil Solans y Miki Ib\u00e1\u00f1ez con un Peugeot 208 T16 R5 a 38.9 segundos.<\/p>\n<p>Nil Solans atac\u00f3 fuerte desde el principio y se altern\u00f3 en cabeza de carrera con Cristian Garc\u00eda y con Alberto Monarri en la jornada del viernes, pero un peque\u00f1o toque le hac\u00eda perder tiempo en Canencia. En los tramos de s\u00e1bado, recuperaba moment\u00e1neamente la primera plaza, pero sufr\u00eda un pinchazo que le hizo caer hasta la tercera posici\u00f3n y en los tramos que quedaban Vallejo supo mantener la distancia y conservar el segundo puesto.<\/p>\n<p>El rallye result\u00f3 duro y hubo importantes abandonos como los Suzuki Swift de Vinyes, Adri\u00e1n D\u00edaz y Gorka Antxustegi por aver\u00eda. Tambi\u00e9n se retiraban Monarri con Mitsubishi EVO X, Mora con Ford Fiesta R5, Mu\u00f1iz con Porsche 997 GT3, Jan Solans con Mitsubishi Evo X y as\u00ed hasta 36 equipos retirados.<\/p>\n<p>En las categor\u00edas restantes, Jos\u00e9 Alonso Liste ganaba la categor\u00eda de 2 ruedas motrices con el Mini Rallye N2, Esteban Vall\u00edn con el Opel Adam ganaba en R2, Angel Paniceres con otro Opel Adam R2 ganaba la categor\u00eda Junior, en el campeonato auton\u00f3mico la victoria era para Dani Marb\u00e1n con el Lotus Exige y el portugu\u00e9s Alo\u00edso Monteiro ganaba la Copa Renault Clio. En la Copa Dacia Sandero repet\u00eda victoria Jose Javier P\u00e9rez y en f\u00e9minas era la canaria Christine Giampaoli con un Peugeot 208 R2 quien se llevaba la victoria.<\/p>\n<p>Esta prueba cerraba el Campeonato de Espa\u00f1a de Rallyes 2016 y la pr\u00f3xima cita, ya en 2017, ser\u00e1 el Rallye Sierra Morena que est\u00e1 previsto para los d\u00edas 17 y 18 de Marzo.<\/p>\n<p><em>Clasificaci\u00f3n VII Rallye Comunidad de Madrid RACE:<\/em><br \/>\n1\u00ba Garc\u00eda-Liso (Mitsubishi Evo X) 1:34:56.1<br \/>\n2\u00ba Vallejo-Vallejo (Citroen DS3 R5) +26.3<br \/>\n3\u00ba Solans-Ib\u00e1\u00f1ez (Peugeot 208 T16 R5) +38.9<br \/>\n4\u00ba Marb\u00e1n-Ferrero (Lotus Exige) +44.2<br \/>\n5\u00ba Fontes-Pontes (Citroen DS3 R5) +2:39.2<\/p>\n","protected":false},"excerpt":{"rendered":"<p>FOTOS RALLYE COMUNIDAD DE MADRID &#8211; RACE Cristian Garc\u00eda consegu\u00eda tambi\u00e9n la victoria en el Rallye Comunidad de Madrid y cerraba una temporada perfecta a bordo del Mitsubishi EVO X con siete victorias de diez posibles y Rebeca Liso se llevaba el t\u00edtulo de copilotos. En el podio les acompa\u00f1aron los hermanos Vallejo que acabaron [&hellip;]<\/p>\n","protected":false},"author":1,"featured_media":0,"comment_status":"closed","ping_status":"closed","sticky":false,"template":"","format":"standard","meta":{"footnotes":""},"categories":[155,144,34,152,5,4,123,84],"tags":[],"class_list":["post-2798","post","type-post","status-publish","format-standard","hentry","category-155","category-cera","category-madrid","category-marban","category-nacional","category-rallyes","category-solans","category-vallejo"],"_links":{"self":[{"href":"https:\/\/www.mfoto.es\/noticias\/index.php?rest_route=\/wp\/v2\/posts\/2798","targetHints":{"allow":["GET"]}}],"collection":[{"href":"https:\/\/www.mfoto.es\/noticias\/index.php?rest_route=\/wp\/v2\/posts"}],"about":[{"href":"https:\/\/www.mfoto.es\/noticias\/index.php?rest_route=\/wp\/v2\/types\/post"}],"author":[{"embeddable":true,"href":"https:\/\/www.mfoto.es\/noticias\/index.php?rest_route=\/wp\/v2\/users\/1"}],"replies":[{"embeddable":true,"href":"https:\/\/www.mfoto.es\/noticias\/index.php?rest_route=%2Fwp%2Fv2%2Fcomments&post=2798"}],"version-history":[{"count":6,"href":"https:\/\/www.mfoto.es\/noticias\/index.php?rest_route=\/wp\/v2\/posts\/2798\/revisions"}],"predecessor-version":[{"id":2805,"href":"https:\/\/www.mfoto.es\/noticias\/index.php?rest_route=\/wp\/v2\/posts\/2798\/revisions\/2805"}],"wp:attachment":[{"href":"https:\/\/www.mfoto.es\/noticias\/index.php?rest_route=%2Fwp%2Fv2%2Fmedia&parent=2798"}],"wp:term":[{"taxonomy":"category","embeddable":true,"href":"https:\/\/www.mfoto.es\/noticias\/index.php?rest_route=%2Fwp%2Fv2%2Fcategories&post=2798"},{"taxonomy":"post_tag","embeddable":true,"href":"https:\/\/www.mfoto.es\/noticias\/index.php?rest_route=%2Fwp%2Fv2%2Ftags&post=2798"}],"curies":[{"name":"wp","href":"https:\/\/api.w.org\/{rel}","templated":true}]}}