{"id":2746,"date":"2016-08-22T14:15:30","date_gmt":"2016-08-22T13:15:30","guid":{"rendered":"http:\/\/www.mfoto.es\/noticias\/?p=2746"},"modified":"2016-08-28T09:32:04","modified_gmt":"2016-08-28T08:32:04","slug":"ogier-vuelve-al-triunfo-en-alemania","status":"publish","type":"post","link":"https:\/\/www.mfoto.es\/noticias\/?p=2746","title":{"rendered":"Ogier vuelve al triunfo en Alemania"},"content":{"rendered":"<p><img loading=\"lazy\" decoding=\"async\" class=\"alignleft\" src=\"https:\/\/www.mfoto.es\/logos\/foto.gif\" alt=\"\" width=\"50\" height=\"36\" \/><\/p>\n<p><strong><a href=\"https:\/\/www.mfoto.es\/fotos\/2016\/013_alemania\/\">FOTOS ADAC RALLYE DEUTSCHLAND<\/a><\/strong><\/p>\n<div id=\"attachment_2747\" style=\"width: 460px\" class=\"wp-caption alignnone\"><img loading=\"lazy\" decoding=\"async\" aria-describedby=\"caption-attachment-2747\" class=\"wp-image-2747 size-full\" src=\"https:\/\/www.mfoto.es\/noticias\/wp-content\/uploads_2012\/184_ogier_alemania.jpg\" alt=\"184_ogier_alemania\" width=\"450\" height=\"300\" srcset=\"https:\/\/www.mfoto.es\/noticias\/wp-content\/uploads_2012\/184_ogier_alemania.jpg 450w, https:\/\/www.mfoto.es\/noticias\/wp-content\/uploads_2012\/184_ogier_alemania-300x200.jpg 300w\" sizes=\"auto, (max-width: 450px) 100vw, 450px\" \/><p id=\"caption-attachment-2747\" class=\"wp-caption-text\">Ogier consegu\u00eda la victoria en Alemania<\/p><\/div>\n<p>El franc\u00e9s Sebastien Ogier volv\u00eda a ganar en Alemania una prueba del mundial con el VW Polo R, cosa que no suced\u00eda desde el mes de febrero en Suecia. Con este resultado sigue l\u00edder del mundial con 59 puntos de ventaja sobre su compa\u00f1ero de equipo, el noruego Andreas Mikkelsen.<\/p>\n<p>Por detr\u00e1s, a algo m\u00e1s de 20 segundos y separados por s\u00f3lo una d\u00e9cima de segundo, terminaban los dos pilotos del equipo Hyundai, Dani Sordo y Thierry Neuville.<\/p>\n<p>Destacar el fuerte accidente sufrido por los franceses St\u00e9phane Lefebvre y Gabin Moreau, con su Citr\u00f6en DS3, que terminaron en el hospital con varias fracturas.<\/p>\n<p>La pr\u00f3xima prueba ser\u00e1 en la isla de C\u00f3rcega a finales de Septiembre, ya que el Rally de China ha sido suspendido por un temporal que ha dejado las carreteras impracticables.<\/p>\n<p><em>Clasificaci\u00f3n ADAC Rallye Deutschland 2016:<\/em><br \/>\n1\u00ba Ogier-Ingrassia (VW Polo R WRC) 3:00:26.7<br \/>\n2\u00ba Sordo-Mart\u00ed (Hyundai i20 WRC) +20.3<br \/>\n3\u00ba Neuville-Gilsoul(Hyundai i20 WRC) +20.4<br \/>\n4\u00ba Mikkelsen-J\u00e6ger (VW Polo R WRC) +27.2<br \/>\n5\u00ba Paddon-Kennard (Hyundai i20 WRC) +3:34.8<\/p>\n<p>&nbsp;<\/p>\n","protected":false},"excerpt":{"rendered":"<p>FOTOS ADAC RALLYE DEUTSCHLAND El franc\u00e9s Sebastien Ogier volv\u00eda a ganar en Alemania una prueba del mundial con el VW Polo R, cosa que no suced\u00eda desde el mes de febrero en Suecia. Con este resultado sigue l\u00edder del mundial con 59 puntos de ventaja sobre su compa\u00f1ero de equipo, el noruego Andreas Mikkelsen. Por [&hellip;]<\/p>\n","protected":false},"author":1,"featured_media":0,"comment_status":"closed","ping_status":"closed","sticky":false,"template":"","format":"standard","meta":{"footnotes":""},"categories":[155,106,114,87,4,105,25],"tags":[],"class_list":["post-2746","post","type-post","status-publish","format-standard","hentry","category-155","category-alemania","category-neuville","category-ogier","category-rallyes","category-sordo","category-wrc"],"_links":{"self":[{"href":"https:\/\/www.mfoto.es\/noticias\/index.php?rest_route=\/wp\/v2\/posts\/2746","targetHints":{"allow":["GET"]}}],"collection":[{"href":"https:\/\/www.mfoto.es\/noticias\/index.php?rest_route=\/wp\/v2\/posts"}],"about":[{"href":"https:\/\/www.mfoto.es\/noticias\/index.php?rest_route=\/wp\/v2\/types\/post"}],"author":[{"embeddable":true,"href":"https:\/\/www.mfoto.es\/noticias\/index.php?rest_route=\/wp\/v2\/users\/1"}],"replies":[{"embeddable":true,"href":"https:\/\/www.mfoto.es\/noticias\/index.php?rest_route=%2Fwp%2Fv2%2Fcomments&post=2746"}],"version-history":[{"count":5,"href":"https:\/\/www.mfoto.es\/noticias\/index.php?rest_route=\/wp\/v2\/posts\/2746\/revisions"}],"predecessor-version":[{"id":2752,"href":"https:\/\/www.mfoto.es\/noticias\/index.php?rest_route=\/wp\/v2\/posts\/2746\/revisions\/2752"}],"wp:attachment":[{"href":"https:\/\/www.mfoto.es\/noticias\/index.php?rest_route=%2Fwp%2Fv2%2Fmedia&parent=2746"}],"wp:term":[{"taxonomy":"category","embeddable":true,"href":"https:\/\/www.mfoto.es\/noticias\/index.php?rest_route=%2Fwp%2Fv2%2Fcategories&post=2746"},{"taxonomy":"post_tag","embeddable":true,"href":"https:\/\/www.mfoto.es\/noticias\/index.php?rest_route=%2Fwp%2Fv2%2Ftags&post=2746"}],"curies":[{"name":"wp","href":"https:\/\/api.w.org\/{rel}","templated":true}]}}