{"id":2737,"date":"2016-06-27T13:59:08","date_gmt":"2016-06-27T12:59:08","guid":{"rendered":"http:\/\/www.mfoto.es\/noticias\/?p=2737"},"modified":"2016-06-27T14:00:47","modified_gmt":"2016-06-27T13:00:47","slug":"villanueva-no-da-opcion-en-el-rallye-del-bierzo","status":"publish","type":"post","link":"https:\/\/www.mfoto.es\/noticias\/?p=2737","title":{"rendered":"Villanueva no da opci\u00f3n en el Rallye del Bierzo"},"content":{"rendered":"<p><img loading=\"lazy\" decoding=\"async\" class=\"alignleft\" src=\"https:\/\/www.mfoto.es\/logos\/foto.gif\" alt=\"\" width=\"50\" height=\"36\" \/><\/p>\n<p><strong><a href=\"https:\/\/www.mfoto.es\/fotos\/2016\/012_bierzo\/\">FOTOS RALLYE DE TIERRA DEL BIERZO<\/a><\/strong><\/p>\n<div id=\"attachment_2738\" style=\"width: 460px\" class=\"wp-caption alignnone\"><img loading=\"lazy\" decoding=\"async\" aria-describedby=\"caption-attachment-2738\" class=\"wp-image-2738 size-full\" src=\"https:\/\/www.mfoto.es\/noticias\/wp-content\/uploads_2012\/183_villanueva_bierzo.jpg\" alt=\"183_villanueva_bierzo\" width=\"450\" height=\"300\" srcset=\"https:\/\/www.mfoto.es\/noticias\/wp-content\/uploads_2012\/183_villanueva_bierzo.jpg 450w, https:\/\/www.mfoto.es\/noticias\/wp-content\/uploads_2012\/183_villanueva_bierzo-300x200.jpg 300w\" sizes=\"auto, (max-width: 450px) 100vw, 450px\" \/><p id=\"caption-attachment-2738\" class=\"wp-caption-text\">Alex Villanueva y Oscar S\u00e1nchez con el Citr\u00f6en DS3 R5<\/p><\/div>\n<p>Alex Villanueva y Oscar S\u00e1nchez con un Citr\u00f6en DS3 R5, ganaban siete de los ocho tramos de la prueba y no daban opci\u00f3n a sus rivales.<\/p>\n<p>A m\u00e1s de tres minutos terminaban Jorge Del Cid y Nerea Odriozola con el Mitsubishi EVO X y a cinco minutos los terceros clasificados, Josep Basols y Jordi Mercader, que estrenaban un Citr\u00f6en DS3 R5.<\/p>\n<p>En el grupo N ganaba Gorka Eizmendi con un Mitsubishi EVO IX y en dos ruedas motrices Javier Pardo se impon\u00eda con un Peugeot 208 R2.<\/p>\n<p>La pr\u00f3xima prueba del CERT ser\u00e1 en Catalunya, el Rallye de Cervera, a primeros de Septiembre.<\/p>\n<p><em>Clasificaci\u00f3n IV Rallye de Tierra del Bierzo:<\/em><br \/>\n1\u00ba Villanueva-S\u00e1nchez (Citro\u00ebn DS3 R5) 1:33:39.4<br \/>\n2\u00ba Del Cid-Odriozola (Mitsubishi Evo X) +3:11.2<br \/>\n3\u00ba Basols-Mercader (Citro\u00ebn DS3 R5) +5:01.0<br \/>\n4\u00ba Gonz\u00e1lez-Gonz\u00e1lez (Mitsubishi Evo IX) +8:08.6<br \/>\n5\u00ba Sal-Fern\u00e1ndez (Mitsubishi Evo VIII) +8:31.4<\/p>\n","protected":false},"excerpt":{"rendered":"<p>FOTOS RALLYE DE TIERRA DEL BIERZO Alex Villanueva y Oscar S\u00e1nchez con un Citr\u00f6en DS3 R5, ganaban siete de los ocho tramos de la prueba y no daban opci\u00f3n a sus rivales. A m\u00e1s de tres minutos terminaban Jorge Del Cid y Nerea Odriozola con el Mitsubishi EVO X y a cinco minutos los terceros [&hellip;]<\/p>\n","protected":false},"author":1,"featured_media":0,"comment_status":"closed","ping_status":"closed","sticky":false,"template":"","format":"standard","meta":{"footnotes":""},"categories":[155,161,145,103,5,4,19,138],"tags":[],"class_list":["post-2737","post","type-post","status-publish","format-standard","hentry","category-155","category-basols","category-cert","category-del-cid","category-nacional","category-rallyes","category-tierra","category-villanueva"],"_links":{"self":[{"href":"https:\/\/www.mfoto.es\/noticias\/index.php?rest_route=\/wp\/v2\/posts\/2737","targetHints":{"allow":["GET"]}}],"collection":[{"href":"https:\/\/www.mfoto.es\/noticias\/index.php?rest_route=\/wp\/v2\/posts"}],"about":[{"href":"https:\/\/www.mfoto.es\/noticias\/index.php?rest_route=\/wp\/v2\/types\/post"}],"author":[{"embeddable":true,"href":"https:\/\/www.mfoto.es\/noticias\/index.php?rest_route=\/wp\/v2\/users\/1"}],"replies":[{"embeddable":true,"href":"https:\/\/www.mfoto.es\/noticias\/index.php?rest_route=%2Fwp%2Fv2%2Fcomments&post=2737"}],"version-history":[{"count":4,"href":"https:\/\/www.mfoto.es\/noticias\/index.php?rest_route=\/wp\/v2\/posts\/2737\/revisions"}],"predecessor-version":[{"id":2743,"href":"https:\/\/www.mfoto.es\/noticias\/index.php?rest_route=\/wp\/v2\/posts\/2737\/revisions\/2743"}],"wp:attachment":[{"href":"https:\/\/www.mfoto.es\/noticias\/index.php?rest_route=%2Fwp%2Fv2%2Fmedia&parent=2737"}],"wp:term":[{"taxonomy":"category","embeddable":true,"href":"https:\/\/www.mfoto.es\/noticias\/index.php?rest_route=%2Fwp%2Fv2%2Fcategories&post=2737"},{"taxonomy":"post_tag","embeddable":true,"href":"https:\/\/www.mfoto.es\/noticias\/index.php?rest_route=%2Fwp%2Fv2%2Ftags&post=2737"}],"curies":[{"name":"wp","href":"https:\/\/api.w.org\/{rel}","templated":true}]}}