{"id":2730,"date":"2016-06-20T10:23:16","date_gmt":"2016-06-20T09:23:16","guid":{"rendered":"http:\/\/www.mfoto.es\/noticias\/?p=2730"},"modified":"2016-06-21T09:12:01","modified_gmt":"2016-06-21T08:12:01","slug":"cristian-garcia-consigue-su-quinta-victoria-en-en-rallye-de-ourense","status":"publish","type":"post","link":"https:\/\/www.mfoto.es\/noticias\/?p=2730","title":{"rendered":"Cristian Garc\u00eda consigue su quinta victoria en en Rallye de Ourense"},"content":{"rendered":"<p><img loading=\"lazy\" decoding=\"async\" class=\"alignleft\" src=\"https:\/\/www.mfoto.es\/logos\/foto.gif\" alt=\"\" width=\"50\" height=\"36\" \/><\/p>\n<p><strong><a href=\"https:\/\/www.mfoto.es\/fotos\/2016\/011_ourense\/\">FOTOS RALLYE DE OURENSE<\/a><\/strong><\/p>\n<div id=\"attachment_2731\" style=\"width: 460px\" class=\"wp-caption alignnone\"><img loading=\"lazy\" decoding=\"async\" aria-describedby=\"caption-attachment-2731\" class=\"wp-image-2731 size-full\" src=\"https:\/\/www.mfoto.es\/noticias\/wp-content\/uploads_2012\/182_garcia_ourense.jpg\" alt=\"182_garcia_ourense\" width=\"450\" height=\"300\" srcset=\"https:\/\/www.mfoto.es\/noticias\/wp-content\/uploads_2012\/182_garcia_ourense.jpg 450w, https:\/\/www.mfoto.es\/noticias\/wp-content\/uploads_2012\/182_garcia_ourense-300x200.jpg 300w\" sizes=\"auto, (max-width: 450px) 100vw, 450px\" \/><p id=\"caption-attachment-2731\" class=\"wp-caption-text\">Cristian Garc\u00eda y Rebeca Liso a su paso por el Ca\u00f1on do Sil<\/p><\/div>\n<p>Cristian Garc\u00eda con el Mitsubishi EVO X y copilotado por Rebeca Liso, consegu\u00eda en Ourense su quinta victoria de seis pruebas celebradas. Cristian empez\u00f3 ganando el tramo espect\u00e1culo del viernes y no dej\u00f3 el liderato hasta el final de la prueba.<\/p>\n<p>A continuaci\u00f3n se clasificaban Ares y Burgo con sendos Porsche 997 GT3, que mantuvieron una bonita pelea durante todo el rallye y terminaban separados por s\u00f3lo siete segundos.<\/p>\n<p>Por detr\u00e1s los hermanos Vallejo con el Citroen DS3 R5 hac\u00edan un rallye muy regular, mezclandose en los tiempos de los Porsche de Ares y Burgo, pero sin llegar a alcanzarlos en la general y Monarri con el otro Mitsubishi del equipo Repsol finalizaba quinto tras un pinchazo y alg\u00fan problema mec\u00e1nico.<\/p>\n<p>El equipo Suzuki presentaba el nuevo Suzuki Swift R+ y Gorka Antxustegi lo estrenaba marcando algunos buenos tiempos, pero despu\u00e9s se retrasaba bastante por problemas de puesta a punto del coche.<\/p>\n<p>En la categor\u00eda de dos ruedas motrices, Adri\u00e1n D\u00edaz consegu\u00eda la victoria con el Suzuki Swift S1600 y Esteban Vall\u00edn con su Opel Adam ganaba la R2.<\/p>\n<p>En las copas de promoci\u00f3n, Fran Cima ganaba el Trofeo Ib\u00e9rico Renault, Efr\u00e9n Llarena la Copa Suzuki y Javier Bouza la Dacia Sandero Cup.<\/p>\n<p>Ahora toca intermedio en el campeonato hasta la pr\u00f3xima prueba, el Rallye Princesa de Asturias con sede en Oviedo, que se disputar\u00e1 los d\u00edas del 8 al 10 de Septiembre.<\/p>\n<p><em>Clasificaci\u00f3n 49 Rallye de Ourense:<\/em><br \/>\n1\u00ba Garc\u00eda-Liso (Mitsubishi EVO X) 2:13:03.2<br \/>\n2\u00ba Ares-Pintor (Porsche 997 GT3) +42.9<br \/>\n3\u00ba Burgo-Burgo (Porsche 997 GT3) +49.9<br \/>\n4\u00ba Vallejo-Vallejo (CITROEN DS3 R5) +1:09.8<br \/>\n5\u00ba Monarri-San Juan (Mitsubishi EVO X) +3:51.3<\/p>\n","protected":false},"excerpt":{"rendered":"<p>FOTOS RALLYE DE OURENSE Cristian Garc\u00eda con el Mitsubishi EVO X y copilotado por Rebeca Liso, consegu\u00eda en Ourense su quinta victoria de seis pruebas celebradas. Cristian empez\u00f3 ganando el tramo espect\u00e1culo del viernes y no dej\u00f3 el liderato hasta el final de la prueba. A continuaci\u00f3n se clasificaban Ares y Burgo con sendos Porsche [&hellip;]<\/p>\n","protected":false},"author":1,"featured_media":0,"comment_status":"closed","ping_status":"closed","sticky":false,"template":"","format":"standard","meta":{"footnotes":""},"categories":[155,51,141,125,144,146,5,4,84],"tags":[],"class_list":["post-2730","post","type-post","status-publish","format-standard","hentry","category-155","category-antxustegi","category-ares","category-burgo","category-cera","category-garcia","category-nacional","category-rallyes","category-vallejo"],"_links":{"self":[{"href":"https:\/\/www.mfoto.es\/noticias\/index.php?rest_route=\/wp\/v2\/posts\/2730","targetHints":{"allow":["GET"]}}],"collection":[{"href":"https:\/\/www.mfoto.es\/noticias\/index.php?rest_route=\/wp\/v2\/posts"}],"about":[{"href":"https:\/\/www.mfoto.es\/noticias\/index.php?rest_route=\/wp\/v2\/types\/post"}],"author":[{"embeddable":true,"href":"https:\/\/www.mfoto.es\/noticias\/index.php?rest_route=\/wp\/v2\/users\/1"}],"replies":[{"embeddable":true,"href":"https:\/\/www.mfoto.es\/noticias\/index.php?rest_route=%2Fwp%2Fv2%2Fcomments&post=2730"}],"version-history":[{"count":5,"href":"https:\/\/www.mfoto.es\/noticias\/index.php?rest_route=\/wp\/v2\/posts\/2730\/revisions"}],"predecessor-version":[{"id":2742,"href":"https:\/\/www.mfoto.es\/noticias\/index.php?rest_route=\/wp\/v2\/posts\/2730\/revisions\/2742"}],"wp:attachment":[{"href":"https:\/\/www.mfoto.es\/noticias\/index.php?rest_route=%2Fwp%2Fv2%2Fmedia&parent=2730"}],"wp:term":[{"taxonomy":"category","embeddable":true,"href":"https:\/\/www.mfoto.es\/noticias\/index.php?rest_route=%2Fwp%2Fv2%2Fcategories&post=2730"},{"taxonomy":"post_tag","embeddable":true,"href":"https:\/\/www.mfoto.es\/noticias\/index.php?rest_route=%2Fwp%2Fv2%2Ftags&post=2730"}],"curies":[{"name":"wp","href":"https:\/\/api.w.org\/{rel}","templated":true}]}}