{"id":2725,"date":"2016-06-13T18:25:54","date_gmt":"2016-06-13T17:25:54","guid":{"rendered":"http:\/\/www.mfoto.es\/noticias\/?p=2725"},"modified":"2016-06-14T18:27:30","modified_gmt":"2016-06-14T17:27:30","slug":"dominio-de-neuville-en-el-rally-italia-sardegna","status":"publish","type":"post","link":"https:\/\/www.mfoto.es\/noticias\/?p=2725","title":{"rendered":"Dominio de Neuville en el Rally Italia Sardegna"},"content":{"rendered":"<p><img loading=\"lazy\" decoding=\"async\" class=\"alignleft\" src=\"https:\/\/www.mfoto.es\/logos\/foto.gif\" alt=\"\" width=\"50\" height=\"36\" \/><\/p>\n<p><strong><a href=\"https:\/\/www.mfoto.es\/fotos\/2016\/010_sardegna\/\">FOTOS RALLY ITALIA SARDEGNA<\/a><\/strong><\/p>\n<div id=\"attachment_2726\" style=\"width: 460px\" class=\"wp-caption alignnone\"><img loading=\"lazy\" decoding=\"async\" aria-describedby=\"caption-attachment-2726\" class=\"wp-image-2726 size-full\" src=\"https:\/\/www.mfoto.es\/noticias\/wp-content\/uploads_2012\/181_neuville_sardegna.jpg\" alt=\"181_neuville_sardegna\" width=\"450\" height=\"300\" srcset=\"https:\/\/www.mfoto.es\/noticias\/wp-content\/uploads_2012\/181_neuville_sardegna.jpg 450w, https:\/\/www.mfoto.es\/noticias\/wp-content\/uploads_2012\/181_neuville_sardegna-300x200.jpg 300w\" sizes=\"auto, (max-width: 450px) 100vw, 450px\" \/><p id=\"caption-attachment-2726\" class=\"wp-caption-text\">Neuville y Gilsoul ganaban el Rally Italia Sardegna<\/p><\/div>\n<p>Thierry Neuville con el Hyundai i20 WRC no daba opci\u00f3n y terminaba ganando el Rally Italia Sardegna por delante de los pilotos de Volkswagen, Latvala y Ogier, que acababan a 24.8 y 1:37.8 del belga.<\/p>\n<p>Latvala present\u00f3 batalla a Neuville en las jornadas de viernes y s\u00e1bado, altern\u00e1ndose en la primera posici\u00f3n, pero a partir del s\u00e9ptimo tramo Neuville empez\u00f3 a distanciarse poco a poco, hasta que Latvala lo dej\u00f3 por imposible y se conform\u00f3 con la segunda plaza.<\/p>\n<p>Sebastien Ogier tras ganar el primer tramo, se manten\u00eda en la tercera plaza hasta el final, pero tiraba de su experiencia para ganar el Power Stage y llevarse los puntos suplementarios.<\/p>\n<p>Dani Sordo con otro Hyundai i20, consegu\u00eda otro cuarto puesto esta temporada y a base de regularidad acabando todas las pruebas, est\u00e1 clasificado en la segunda posici\u00f3n del campeonato tras Sebastien Ogier.<\/p>\n<p>La pr\u00f3xima prueba del WRC ser\u00e1 el Rallye de Polonia a finales de Junio.<\/p>\n<p><em>Clasificaci\u00f3n Rally Italia Sardegna 2016:<\/em><br \/>\n1\u00ba Neuville-Gilsoul (Hyundai i20 WRC) 3:35:25.8<br \/>\n2\u00ba Latvala-Anttila (VW Polo R WRC) +24.8<br \/>\n3\u00ba Ogier-Ingrassia (VW Polo R WRC) +1:37.8<br \/>\n4\u00ba Sordo-Mart\u00ed (Hyundai i20 WRC) +2:54.0<br \/>\n5\u00ba T\u00e4nak-M\u00f5lder (Ford Fiesta RS WRC) +5:26.4<\/p>\n","protected":false},"excerpt":{"rendered":"<p>FOTOS RALLY ITALIA SARDEGNA Thierry Neuville con el Hyundai i20 WRC no daba opci\u00f3n y terminaba ganando el Rally Italia Sardegna por delante de los pilotos de Volkswagen, Latvala y Ogier, que acababan a 24.8 y 1:37.8 del belga. Latvala present\u00f3 batalla a Neuville en las jornadas de viernes y s\u00e1bado, altern\u00e1ndose en la primera [&hellip;]<\/p>\n","protected":false},"author":1,"featured_media":0,"comment_status":"closed","ping_status":"closed","sticky":false,"template":"","format":"standard","meta":{"footnotes":""},"categories":[155,101,100,109,114,87,4,105,25],"tags":[],"class_list":["post-2725","post","type-post","status-publish","format-standard","hentry","category-155","category-cerdena","category-italia","category-latvala","category-neuville","category-ogier","category-rallyes","category-sordo","category-wrc"],"_links":{"self":[{"href":"https:\/\/www.mfoto.es\/noticias\/index.php?rest_route=\/wp\/v2\/posts\/2725","targetHints":{"allow":["GET"]}}],"collection":[{"href":"https:\/\/www.mfoto.es\/noticias\/index.php?rest_route=\/wp\/v2\/posts"}],"about":[{"href":"https:\/\/www.mfoto.es\/noticias\/index.php?rest_route=\/wp\/v2\/types\/post"}],"author":[{"embeddable":true,"href":"https:\/\/www.mfoto.es\/noticias\/index.php?rest_route=\/wp\/v2\/users\/1"}],"replies":[{"embeddable":true,"href":"https:\/\/www.mfoto.es\/noticias\/index.php?rest_route=%2Fwp%2Fv2%2Fcomments&post=2725"}],"version-history":[{"count":3,"href":"https:\/\/www.mfoto.es\/noticias\/index.php?rest_route=\/wp\/v2\/posts\/2725\/revisions"}],"predecessor-version":[{"id":2729,"href":"https:\/\/www.mfoto.es\/noticias\/index.php?rest_route=\/wp\/v2\/posts\/2725\/revisions\/2729"}],"wp:attachment":[{"href":"https:\/\/www.mfoto.es\/noticias\/index.php?rest_route=%2Fwp%2Fv2%2Fmedia&parent=2725"}],"wp:term":[{"taxonomy":"category","embeddable":true,"href":"https:\/\/www.mfoto.es\/noticias\/index.php?rest_route=%2Fwp%2Fv2%2Fcategories&post=2725"},{"taxonomy":"post_tag","embeddable":true,"href":"https:\/\/www.mfoto.es\/noticias\/index.php?rest_route=%2Fwp%2Fv2%2Ftags&post=2725"}],"curies":[{"name":"wp","href":"https:\/\/api.w.org\/{rel}","templated":true}]}}