{"id":2712,"date":"2016-06-06T15:15:57","date_gmt":"2016-06-06T14:15:57","guid":{"rendered":"http:\/\/www.mfoto.es\/noticias\/?p=2712"},"modified":"2016-06-07T17:21:49","modified_gmt":"2016-06-07T16:21:49","slug":"cristian-garcia-gana-tambien-en-cantabria","status":"publish","type":"post","link":"https:\/\/www.mfoto.es\/noticias\/?p=2712","title":{"rendered":"Cristian Garc\u00eda gana tambi\u00e9n en Cantabria"},"content":{"rendered":"<p><img loading=\"lazy\" decoding=\"async\" class=\"alignleft\" src=\"https:\/\/www.mfoto.es\/logos\/foto.gif\" alt=\"\" width=\"50\" height=\"36\" \/><\/p>\n<p><strong><a href=\"https:\/\/www.mfoto.es\/fotos\/2016\/009_santander\/\">FOTOS RALLYE SANTANDER CANTABRIA<\/a><\/strong><\/p>\n<div style=\"width: 460px\" class=\"wp-caption alignnone\"><img loading=\"lazy\" decoding=\"async\" class=\"wp-image-2713 size-full\" src=\"https:\/\/www.mfoto.es\/noticias\/wp-content\/uploads_2012\/180_garcia_santander.jpg\" alt=\"180_garcia_santander\" width=\"450\" height=\"300\" srcset=\"https:\/\/www.mfoto.es\/noticias\/wp-content\/uploads_2012\/180_garcia_santander.jpg 450w, https:\/\/www.mfoto.es\/noticias\/wp-content\/uploads_2012\/180_garcia_santander-300x200.jpg 300w\" sizes=\"auto, (max-width: 450px) 100vw, 450px\" \/><p class=\"wp-caption-text\">Cuarta victoria para Cristian Garc\u00eda esta temporada<\/p><\/div>\n<p>Cristian Garc\u00eda y Rebeca Liso se hac\u00edan con la victoria en el 37 Rallye Santander-Cantabria y consegu\u00edan la cuarta victoria absoluta de esta temporada. Por detr\u00e1s\u00a0terminaban Alberto Monarri y Rodrigo Sanjuan a 1:38.1, ambos con Mitsubishi Evo X y la tercera plaza era para los hermanos Vallejo con el Citr\u00f6en DS3 R5 a 2:16.5.<\/p>\n<p>La prueba empezaba el viernes, con Surhayen Pern\u00eda en cabeza con el Ford Fiesta R5, pero se ten\u00eda que suspender el resto de la etapa en el segundo tramo, por el accidente sufrido por Jan Solans al quedarse sin frenos su Mitsubishi Evo X, que termin\u00f3 con varios espectadores heridos y obligaba a la organizaci\u00f3n a movilizar todas las ambulancias disponibles.<\/p>\n<p>El s\u00e1bado se disputaban dos tramos, Riotuerto-Arredondo y San Roque-Merilla en los que se produjeron los abandonos de Surhayen Pern\u00eda, Pedro Burgo y Dani Pe\u00f1a por salida de carretera y los de Jonathan\u00a0P\u00e9rez, Dani Marb\u00e1n, Gorka Antxustegi, Alberto San Segundo y Jos\u00e9 Mora por problemas mec\u00e1nicos.<\/p>\n<p>En la categor\u00eda de Dos Ruedas Motrices, victoria de Adr\u00edan D\u00edaz con el Suzuki Swift S1600, tras pelear todo el rallye con Gorka Antxustegi, hasta que \u00e9ste abandonaba con\u00a0una r\u00f3tula tocada. Esteban Vall\u00edn y Angel Paniceres con los Opel Adam R2 se clasificaban a continuaci\u00f3n a 3:06.5 y 4:01.4 respectivamente.<\/p>\n<p>En la Copa Suzuki, dominio total de Efr\u00e9n Llarena, a 1:40.9 le segu\u00eda Juan Angel Ma\u00f1\u00e1 y Ant\u00f3n P\u00e9rez era tercero a 2:26.5 y Miguel Garc\u00eda era el ganador de la Copa Dacia Sandero.<\/p>\n<p>La pr\u00f3xima prueba del Campeonato de Espa\u00f1a de Rallyes ser\u00e1 el Rallye de Ourense los d\u00edas 17 y 18 de Junio.<\/p>\n<p><em>Clasificaci\u00f3n 37 Rallye Santander Cantabria:<\/em><br \/>\n1\u00ba Garc\u00eda-Liso (Mitsubishi Evo X) 1:34:19.2<br \/>\n2\u00ba Monarri-Sanjuan (Mitsubishi Evo X) +1:38.1<br \/>\n3\u00ba Vallejo-Vallejo (Citr\u00f6en DS3 R5) +2:16.5<br \/>\n4\u00ba D\u00edaz-Lamas (Suzuki Swift S1600) +4:39.7<br \/>\n5\u00ba Vall\u00edn-Odriozola (Opel Adam R2) +7:46.2<\/p>\n<p>&nbsp;<\/p>\n","protected":false},"excerpt":{"rendered":"<p>FOTOS RALLYE SANTANDER CANTABRIA Cristian Garc\u00eda y Rebeca Liso se hac\u00edan con la victoria en el 37 Rallye Santander-Cantabria y consegu\u00edan la cuarta victoria absoluta de esta temporada. Por detr\u00e1s\u00a0terminaban Alberto Monarri y Rodrigo Sanjuan a 1:38.1, ambos con Mitsubishi Evo X y la tercera plaza era para los hermanos Vallejo con el Citr\u00f6en DS3 [&hellip;]<\/p>\n","protected":false},"author":1,"featured_media":0,"comment_status":"closed","ping_status":"closed","sticky":false,"template":"","format":"standard","meta":{"footnotes":""},"categories":[155,10,144,146,153,5,4,123,84],"tags":[],"class_list":["post-2712","post","type-post","status-publish","format-standard","hentry","category-155","category-cantabria","category-cera","category-garcia","category-monarri","category-nacional","category-rallyes","category-solans","category-vallejo"],"_links":{"self":[{"href":"https:\/\/www.mfoto.es\/noticias\/index.php?rest_route=\/wp\/v2\/posts\/2712","targetHints":{"allow":["GET"]}}],"collection":[{"href":"https:\/\/www.mfoto.es\/noticias\/index.php?rest_route=\/wp\/v2\/posts"}],"about":[{"href":"https:\/\/www.mfoto.es\/noticias\/index.php?rest_route=\/wp\/v2\/types\/post"}],"author":[{"embeddable":true,"href":"https:\/\/www.mfoto.es\/noticias\/index.php?rest_route=\/wp\/v2\/users\/1"}],"replies":[{"embeddable":true,"href":"https:\/\/www.mfoto.es\/noticias\/index.php?rest_route=%2Fwp%2Fv2%2Fcomments&post=2712"}],"version-history":[{"count":10,"href":"https:\/\/www.mfoto.es\/noticias\/index.php?rest_route=\/wp\/v2\/posts\/2712\/revisions"}],"predecessor-version":[{"id":2723,"href":"https:\/\/www.mfoto.es\/noticias\/index.php?rest_route=\/wp\/v2\/posts\/2712\/revisions\/2723"}],"wp:attachment":[{"href":"https:\/\/www.mfoto.es\/noticias\/index.php?rest_route=%2Fwp%2Fv2%2Fmedia&parent=2712"}],"wp:term":[{"taxonomy":"category","embeddable":true,"href":"https:\/\/www.mfoto.es\/noticias\/index.php?rest_route=%2Fwp%2Fv2%2Fcategories&post=2712"},{"taxonomy":"post_tag","embeddable":true,"href":"https:\/\/www.mfoto.es\/noticias\/index.php?rest_route=%2Fwp%2Fv2%2Ftags&post=2712"}],"curies":[{"name":"wp","href":"https:\/\/api.w.org\/{rel}","templated":true}]}}