{"id":271,"date":"2010-06-01T09:21:31","date_gmt":"2010-06-01T08:21:31","guid":{"rendered":"http:\/\/www.mfoto.es\/2011\/?p=271"},"modified":"2010-06-01T09:21:31","modified_gmt":"2010-06-01T08:21:31","slug":"el-rallye-rias-baixas-para-alberto-hevia","status":"publish","type":"post","link":"https:\/\/www.mfoto.es\/noticias\/?p=271","title":{"rendered":"El Rallye R\u00edas Baixas para Alberto Hevia"},"content":{"rendered":"<p style=\"text-align: justify;\"><a href=\"https:\/\/www.mfoto.es\/noticias\/wp-content\/uploads_2012\/033_hevia_rias_baixas.jpg\"><img loading=\"lazy\" decoding=\"async\" class=\"alignnone size-full wp-image-272\" title=\"033_hevia_rias_baixas\" src=\"https:\/\/www.mfoto.es\/noticias\/wp-content\/uploads_2012\/033_hevia_rias_baixas.jpg\" alt=\"\" width=\"450\" height=\"300\" srcset=\"https:\/\/www.mfoto.es\/noticias\/wp-content\/uploads_2012\/033_hevia_rias_baixas.jpg 450w, https:\/\/www.mfoto.es\/noticias\/wp-content\/uploads_2012\/033_hevia_rias_baixas-300x200.jpg 300w\" sizes=\"auto, (max-width: 450px) 100vw, 450px\" \/><\/a><\/p>\n<p style=\"text-align: justify;\">El piloto asturiano Alberto Hevia con el Skoda Fabia S2000 se ha impuesto en el 46 Rallye R\u00edas Baixas. La prueba estuvo marcada por las lluvias ca\u00eddas por la ma\u00f1ana que beneficiaron a unos y perjudicaron a otros. La segunda plaza fue para el piloto local Alberto Meira con un Mitsubishi EVO X y la tercera fue para Miguel Fuster con el Porsche 911 GT3, tras hacer una gran remontada por la tarde y superar a Pedro Burgo y Jonathan P\u00e9rez.<\/p>\n<p style=\"text-align: justify;\">El la Mitsubishi EVO CUP venci\u00f3 Eugenio Mantec\u00f3n, en la Copa Suzuki Swift la victoria se la llev\u00f3 el gallego Pablo Paz\u00f3 y en la Challenge Renault Clio R3 el ganador fue el asturiano Miguel Arias, seguido de Jos\u00e9 Antonio Suarez que tambi\u00e9n era el primer clasificado del Trofeo Junior.<\/p>\n<p>CLASIFICACI\u00d3N:<\/p>\n<p>1\u00ba Hevia-Iglesias (Skoda Fabia S2000) 1:39:23.3<br \/>\n2\u00ba Meira-Ba\u00f1obre (Mitsubishi Evo X) a 1:10.4<br \/>\n3\u00ba Fuster-Avi\u00f1o (Porsche 911 GT3) a 1:46.2<br \/>\n4\u00ba Burgo-Burgo (Mitsubishi Evo X) a 1:59.3<br \/>\n5\u00ba Perez-Velasco (Peugeot 207 S2000) a 2:01.4<\/p>\n","protected":false},"excerpt":{"rendered":"<p>El piloto asturiano Alberto Hevia con el Skoda Fabia S2000 se ha impuesto en el 46 Rallye R\u00edas Baixas. La prueba estuvo marcada por las lluvias ca\u00eddas por la ma\u00f1ana que beneficiaron a unos y perjudicaron a otros. La segunda plaza fue para el piloto local Alberto Meira con un Mitsubishi EVO X y la [&hellip;]<\/p>\n","protected":false},"author":1,"featured_media":0,"comment_status":"closed","ping_status":"open","sticky":false,"template":"","format":"standard","meta":{"footnotes":""},"categories":[64,5,4],"tags":[],"class_list":["post-271","post","type-post","status-publish","format-standard","hentry","category-galicia","category-nacional","category-rallyes"],"_links":{"self":[{"href":"https:\/\/www.mfoto.es\/noticias\/index.php?rest_route=\/wp\/v2\/posts\/271","targetHints":{"allow":["GET"]}}],"collection":[{"href":"https:\/\/www.mfoto.es\/noticias\/index.php?rest_route=\/wp\/v2\/posts"}],"about":[{"href":"https:\/\/www.mfoto.es\/noticias\/index.php?rest_route=\/wp\/v2\/types\/post"}],"author":[{"embeddable":true,"href":"https:\/\/www.mfoto.es\/noticias\/index.php?rest_route=\/wp\/v2\/users\/1"}],"replies":[{"embeddable":true,"href":"https:\/\/www.mfoto.es\/noticias\/index.php?rest_route=%2Fwp%2Fv2%2Fcomments&post=271"}],"version-history":[{"count":0,"href":"https:\/\/www.mfoto.es\/noticias\/index.php?rest_route=\/wp\/v2\/posts\/271\/revisions"}],"wp:attachment":[{"href":"https:\/\/www.mfoto.es\/noticias\/index.php?rest_route=%2Fwp%2Fv2%2Fmedia&parent=271"}],"wp:term":[{"taxonomy":"category","embeddable":true,"href":"https:\/\/www.mfoto.es\/noticias\/index.php?rest_route=%2Fwp%2Fv2%2Fcategories&post=271"},{"taxonomy":"post_tag","embeddable":true,"href":"https:\/\/www.mfoto.es\/noticias\/index.php?rest_route=%2Fwp%2Fv2%2Ftags&post=271"}],"curies":[{"name":"wp","href":"https:\/\/api.w.org\/{rel}","templated":true}]}}