{"id":2705,"date":"2016-05-31T08:38:41","date_gmt":"2016-05-31T07:38:41","guid":{"rendered":"http:\/\/www.mfoto.es\/noticias\/?p=2705"},"modified":"2016-06-01T09:18:25","modified_gmt":"2016-06-01T08:18:25","slug":"el-rallye-festival-trasmiera-va-a-mas","status":"publish","type":"post","link":"https:\/\/www.mfoto.es\/noticias\/?p=2705","title":{"rendered":"El Rallye Festival Trasmiera va a m\u00e1s"},"content":{"rendered":"<p><img loading=\"lazy\" decoding=\"async\" class=\"alignleft\" src=\"https:\/\/www.mfoto.es\/logos\/foto.gif\" alt=\"\" width=\"50\" height=\"36\" \/><\/p>\n<p><strong><a href=\"https:\/\/www.mfoto.es\/fotos\/2016\/008_trasmiera\/\">FOTOS RALLYE FESTIVAL TRASMIERA<\/a><\/strong><\/p>\n<div id=\"attachment_2706\" style=\"width: 460px\" class=\"wp-caption alignnone\"><img loading=\"lazy\" decoding=\"async\" aria-describedby=\"caption-attachment-2706\" class=\"wp-image-2706 size-full\" src=\"https:\/\/www.mfoto.es\/noticias\/wp-content\/uploads_2012\/179_laracy_trasmiera.jpg\" alt=\"179_laracy_trasmiera\" width=\"450\" height=\"300\" srcset=\"https:\/\/www.mfoto.es\/noticias\/wp-content\/uploads_2012\/179_laracy_trasmiera.jpg 450w, https:\/\/www.mfoto.es\/noticias\/wp-content\/uploads_2012\/179_laracy_trasmiera-300x200.jpg 300w\" sizes=\"auto, (max-width: 450px) 100vw, 450px\" \/><p id=\"caption-attachment-2706\" class=\"wp-caption-text\">El p\u00fablico aclamando a los participantes en Pe\u00f1a Cabarga<\/dd>\n<dd class=\"wp-caption-dd\"><\/p><\/div>\n<p>Poco a poco y con mucho trabajo detr\u00e1s, el Rallye Festival Trasmiera est\u00e1 acerc\u00e1ndose a la importancia de pruebas como el RallyLegend de San Marino o el Eiffel Rallye Festival de Alemania.<\/p>\n<p>En esta edici\u00f3n han conseguido reunir m\u00e1s de 150 coches cl\u00e1sicos de los rallyes y tener una afluencia de p\u00fablico nunca vista en Cantabria, ni siquiera en los mejores a\u00f1os del nacional de rallyes.<\/p>\n<p>El viernes por la tarde se disputaron dos tramos, G\u00fcemes y Ribamont\u00e1n al Monte, y el s\u00e1bado cinco, Alisas, Matienzo-Llueva, Secadura, Hermosa y Pe\u00f1a Cabarga, todos ellos cl\u00e1sicos de los rallyes de la zona.\u00a0El parque cerrado estaba situado en Hoznayo, en el parking del Hotel Adelma lleno a rebosar.<\/p>\n<p>La prueba se ha desarrollado sin problemas, salvo los derivados de la gran cantidad de p\u00fablico, que por otra parte ha dado vistosidad al rallye, haciendo un pasillo impresionante para aplaudir y agradecer a los equipos su participaci\u00f3n, en la bajada de Pe\u00f1a Cabarga y en la llegada fin de rallye a Hoznayo.<\/p>\n<p>Ahora queda esperar que la pr\u00f3xima edici\u00f3n se celebre sin trabas y con colaboraci\u00f3n de todos para tener un espect\u00e1culo como m\u00ednimo como el visto este a\u00f1o.<\/p>\n","protected":false},"excerpt":{"rendered":"<p>FOTOS RALLYE FESTIVAL TRASMIERA Poco a poco y con mucho trabajo detr\u00e1s, el Rallye Festival Trasmiera est\u00e1 acerc\u00e1ndose a la importancia de pruebas como el RallyLegend de San Marino o el Eiffel Rallye Festival de Alemania. En esta edici\u00f3n han conseguido reunir m\u00e1s de 150 coches cl\u00e1sicos de los rallyes y tener una afluencia de [&hellip;]<\/p>\n","protected":false},"author":1,"featured_media":0,"comment_status":"closed","ping_status":"closed","sticky":false,"template":"","format":"standard","meta":{"footnotes":""},"categories":[155,10,16,4],"tags":[],"class_list":["post-2705","post","type-post","status-publish","format-standard","hentry","category-155","category-cantabria","category-clasicos","category-rallyes"],"_links":{"self":[{"href":"https:\/\/www.mfoto.es\/noticias\/index.php?rest_route=\/wp\/v2\/posts\/2705","targetHints":{"allow":["GET"]}}],"collection":[{"href":"https:\/\/www.mfoto.es\/noticias\/index.php?rest_route=\/wp\/v2\/posts"}],"about":[{"href":"https:\/\/www.mfoto.es\/noticias\/index.php?rest_route=\/wp\/v2\/types\/post"}],"author":[{"embeddable":true,"href":"https:\/\/www.mfoto.es\/noticias\/index.php?rest_route=\/wp\/v2\/users\/1"}],"replies":[{"embeddable":true,"href":"https:\/\/www.mfoto.es\/noticias\/index.php?rest_route=%2Fwp%2Fv2%2Fcomments&post=2705"}],"version-history":[{"count":3,"href":"https:\/\/www.mfoto.es\/noticias\/index.php?rest_route=\/wp\/v2\/posts\/2705\/revisions"}],"predecessor-version":[{"id":2710,"href":"https:\/\/www.mfoto.es\/noticias\/index.php?rest_route=\/wp\/v2\/posts\/2705\/revisions\/2710"}],"wp:attachment":[{"href":"https:\/\/www.mfoto.es\/noticias\/index.php?rest_route=%2Fwp%2Fv2%2Fmedia&parent=2705"}],"wp:term":[{"taxonomy":"category","embeddable":true,"href":"https:\/\/www.mfoto.es\/noticias\/index.php?rest_route=%2Fwp%2Fv2%2Fcategories&post=2705"},{"taxonomy":"post_tag","embeddable":true,"href":"https:\/\/www.mfoto.es\/noticias\/index.php?rest_route=%2Fwp%2Fv2%2Ftags&post=2705"}],"curies":[{"name":"wp","href":"https:\/\/api.w.org\/{rel}","templated":true}]}}