{"id":2669,"date":"2016-04-12T20:09:44","date_gmt":"2016-04-12T19:09:44","guid":{"rendered":"http:\/\/www.mfoto.es\/noticias\/?p=2669"},"modified":"2016-04-12T20:15:42","modified_gmt":"2016-04-12T19:15:42","slug":"nani-roma-repite-victoria-en-navarra","status":"publish","type":"post","link":"https:\/\/www.mfoto.es\/noticias\/?p=2669","title":{"rendered":"Nani Roma repite victoria en Navarra"},"content":{"rendered":"<p><img loading=\"lazy\" decoding=\"async\" class=\"alignleft\" src=\"https:\/\/www.mfoto.es\/logos\/foto.gif\" alt=\"\" width=\"50\" height=\"36\" \/><\/p>\n<p><strong><a href=\"https:\/\/www.mfoto.es\/fotos\/2016\/004_navarra\/\">FOTOS RALLY CIRCUITO DE NAVARRA<\/a><\/strong><\/p>\n<div id=\"attachment_2670\" style=\"width: 460px\" class=\"wp-caption alignnone\"><img loading=\"lazy\" decoding=\"async\" aria-describedby=\"caption-attachment-2670\" class=\"wp-image-2670 size-full\" src=\"https:\/\/www.mfoto.es\/noticias\/wp-content\/uploads_2012\/175_roma_navarra.jpg\" alt=\"175_roma_navarra\" width=\"450\" height=\"300\" srcset=\"https:\/\/www.mfoto.es\/noticias\/wp-content\/uploads_2012\/175_roma_navarra.jpg 450w, https:\/\/www.mfoto.es\/noticias\/wp-content\/uploads_2012\/175_roma_navarra-300x200.jpg 300w\" sizes=\"auto, (max-width: 450px) 100vw, 450px\" \/><p id=\"caption-attachment-2670\" class=\"wp-caption-text\">Nani Roma repet\u00eda victoria en el Rally Circuito de Navarra<\/p><\/div>\n<p>Nani Roma y Alex Haro, con el Mini Proto, repet\u00edan la victoria del a\u00f1o pasado en el 2\u00ba Rally Circuito de Navarra, que era la segunda prueba puntuable para el Campeonato de Espa\u00f1a de Rallyes de Tierra 2016.<\/p>\n<p>Xevi Pons y Xavier Amigo con un Mitsubishi EVO X disputaron la victoria a Nani Roma, pero una aver\u00eda les hizo abandonar cuando lideraban la prueba en el pen\u00faltimo tramo.<\/p>\n<p>Alex Villanueva y Oscar S\u00e1nchez eran segundos a 47.5 segundos con un Citr\u00f6en DS3 R5 y Carlos Aldecoa y Javier Goikoetxea con un Ford Fiesta R5 ocupaban la tercera plaza a 2:27.1.<\/p>\n<p>El ganador de la primera prueba del campeonato, Jorge Del Cid, abandonaba tras una salida de pista en el primer tramo.<\/p>\n<p>En la categor\u00eda de dos ruedas motrices, victoria para Javier Pardo con Peugeot 208 R2, segunda plaza para Pablo Silva con Citr\u00f6en DS3 R3T y la tercera para Manuel G\u00f3mez-Manzanilla con Peugeot 208 R2.<\/p>\n<p>En el grupo N, Gorka Eizmendi y Haritz Olasagasti acababan en primera posici\u00f3n, con un Mitsubishi EVO IX.<\/p>\n<p>En la Copa Kobe Motor con los Toyota Aygo, el podio final era para Oscar Bueno, Unai Garc\u00eda a 16.7 segundos y Aritz Iriondo a 1:07.1.<\/p>\n<p>La pr\u00f3xima prueba del certamen de tierra ser\u00e1 en A Coru\u00f1a en el Rally Terras do Mandeo los d\u00edas 13 y 14 de Mayo.<br \/>\n&nbsp;<\/p>\n<p><em>Clasificaci\u00f3n 2\u00ba Rally Circuito de Navarra:<\/em><br \/>\n1\u00ba Roma-Haro (Mini Cooper) 1:12:58.0<br \/>\n2\u00ba Villanueva-Villanueva (Citr\u00f6en DS3 R5) +47.5<br \/>\n3\u00ba Aldecoa-Goikoetxea (Ford Fiesta R5+) +2:27.1<br \/>\n4\u00ba Quijada-Canelo (Mitsubishi EVO IX) +3:12.8<br \/>\n5\u00ba Eizmendi-Olasagasti (Mitsubishi EVO IX) +4:20.6<\/p>\n","protected":false},"excerpt":{"rendered":"<p>FOTOS RALLY CIRCUITO DE NAVARRA Nani Roma y Alex Haro, con el Mini Proto, repet\u00edan la victoria del a\u00f1o pasado en el 2\u00ba Rally Circuito de Navarra, que era la segunda prueba puntuable para el Campeonato de Espa\u00f1a de Rallyes de Tierra 2016. Xevi Pons y Xavier Amigo con un Mitsubishi EVO X disputaron la [&hellip;]<\/p>\n","protected":false},"author":1,"featured_media":0,"comment_status":"closed","ping_status":"closed","sticky":false,"template":"","format":"standard","meta":{"footnotes":""},"categories":[155,159,145,103,91,5,41,4,137,19,138],"tags":[],"class_list":["post-2669","post","type-post","status-publish","format-standard","hentry","category-155","category-aldecoa","category-cert","category-del-cid","category-eizmendi","category-nacional","category-navarra","category-rallyes","category-roma","category-tierra","category-villanueva"],"_links":{"self":[{"href":"https:\/\/www.mfoto.es\/noticias\/index.php?rest_route=\/wp\/v2\/posts\/2669","targetHints":{"allow":["GET"]}}],"collection":[{"href":"https:\/\/www.mfoto.es\/noticias\/index.php?rest_route=\/wp\/v2\/posts"}],"about":[{"href":"https:\/\/www.mfoto.es\/noticias\/index.php?rest_route=\/wp\/v2\/types\/post"}],"author":[{"embeddable":true,"href":"https:\/\/www.mfoto.es\/noticias\/index.php?rest_route=\/wp\/v2\/users\/1"}],"replies":[{"embeddable":true,"href":"https:\/\/www.mfoto.es\/noticias\/index.php?rest_route=%2Fwp%2Fv2%2Fcomments&post=2669"}],"version-history":[{"count":7,"href":"https:\/\/www.mfoto.es\/noticias\/index.php?rest_route=\/wp\/v2\/posts\/2669\/revisions"}],"predecessor-version":[{"id":2677,"href":"https:\/\/www.mfoto.es\/noticias\/index.php?rest_route=\/wp\/v2\/posts\/2669\/revisions\/2677"}],"wp:attachment":[{"href":"https:\/\/www.mfoto.es\/noticias\/index.php?rest_route=%2Fwp%2Fv2%2Fmedia&parent=2669"}],"wp:term":[{"taxonomy":"category","embeddable":true,"href":"https:\/\/www.mfoto.es\/noticias\/index.php?rest_route=%2Fwp%2Fv2%2Fcategories&post=2669"},{"taxonomy":"post_tag","embeddable":true,"href":"https:\/\/www.mfoto.es\/noticias\/index.php?rest_route=%2Fwp%2Fv2%2Ftags&post=2669"}],"curies":[{"name":"wp","href":"https:\/\/api.w.org\/{rel}","templated":true}]}}