{"id":260,"date":"2010-05-30T11:30:10","date_gmt":"2010-05-30T10:30:10","guid":{"rendered":"http:\/\/www.mfoto.es\/2011\/?p=260"},"modified":"2010-05-30T11:30:10","modified_gmt":"2010-05-30T10:30:10","slug":"lujua-y-antxustegi-sin-suerte-en-el-rallye-rias-baixas","status":"publish","type":"post","link":"https:\/\/www.mfoto.es\/noticias\/?p=260","title":{"rendered":"Lujua y Antxustegi sin suerte en el Rallye R\u00edas Baixas"},"content":{"rendered":"<p><a href=\"https:\/\/www.mfoto.es\/noticias\/wp-content\/uploads_2012\/032_lujua_rias_baixas.jpg\"><img loading=\"lazy\" decoding=\"async\" class=\"alignnone size-full wp-image-261\" title=\"032_lujua_rias_baixas\" src=\"https:\/\/www.mfoto.es\/noticias\/wp-content\/uploads_2012\/032_lujua_rias_baixas.jpg\" alt=\"\" width=\"450\" height=\"300\" srcset=\"https:\/\/www.mfoto.es\/noticias\/wp-content\/uploads_2012\/032_lujua_rias_baixas.jpg 450w, https:\/\/www.mfoto.es\/noticias\/wp-content\/uploads_2012\/032_lujua_rias_baixas-300x200.jpg 300w\" sizes=\"auto, (max-width: 450px) 100vw, 450px\" \/><\/a><\/p>\n<p>Los dos pilotos vascos presentes en el Rallye Rias Baixas, puntuable para el Campeonato de Espa\u00f1a de Rallyes de Asfalto, no han tenido suerte esta vez y se han visto obligados a abandonar ambos por diferentes problemas.<\/p>\n<p>Xabier Lujua estaba dominando sin problemas la Mitsubishi EVO CUP, cuando se qued\u00f3 sin gasolina en el tramo de enlace, y cuando ocupaba tambi\u00e9n el sexto lugar de la clasificaci\u00f3n absoluta del rallye, a falta de dos tramos para terminar la prueba.<\/p>\n<p>Por otro lado Gorka Antxustegi empezaba la carrera con problemas mec\u00e1nicos que le hac\u00edan penalizar minuto y medio tras cambiar el alternador en la asistencia, y estaba intentando recuperar tiempo, cuando sufri\u00f3 una salida de carretera sin consecuencias.<\/p>\n<p>La victoria de la prueba fue para el asturiano Alberto Hevia con el Skoda Fabia S2000, seguido del piloto local Alberto Meira con un Mitsubishi EVO X y en tercera posici\u00f3n llegaba el alicantino Miguel Fuster con el Porsche 911 GT3.<\/p>\n<p>La pr\u00f3xima prueba del campeonato ser\u00e1 el Rallye de Ourense que se celebrar\u00e1 los d\u00edas 18 y 19 de Junio.<\/p>\n","protected":false},"excerpt":{"rendered":"<p>Los dos pilotos vascos presentes en el Rallye Rias Baixas, puntuable para el Campeonato de Espa\u00f1a de Rallyes de Asfalto, no han tenido suerte esta vez y se han visto obligados a abandonar ambos por diferentes problemas. Xabier Lujua estaba dominando sin problemas la Mitsubishi EVO CUP, cuando se qued\u00f3 sin gasolina en el tramo [&hellip;]<\/p>\n","protected":false},"author":1,"featured_media":0,"comment_status":"closed","ping_status":"open","sticky":false,"template":"","format":"standard","meta":{"footnotes":""},"categories":[51,64,54,5,4],"tags":[],"class_list":["post-260","post","type-post","status-publish","format-standard","hentry","category-antxustegi","category-galicia","category-lujua","category-nacional","category-rallyes"],"_links":{"self":[{"href":"https:\/\/www.mfoto.es\/noticias\/index.php?rest_route=\/wp\/v2\/posts\/260","targetHints":{"allow":["GET"]}}],"collection":[{"href":"https:\/\/www.mfoto.es\/noticias\/index.php?rest_route=\/wp\/v2\/posts"}],"about":[{"href":"https:\/\/www.mfoto.es\/noticias\/index.php?rest_route=\/wp\/v2\/types\/post"}],"author":[{"embeddable":true,"href":"https:\/\/www.mfoto.es\/noticias\/index.php?rest_route=\/wp\/v2\/users\/1"}],"replies":[{"embeddable":true,"href":"https:\/\/www.mfoto.es\/noticias\/index.php?rest_route=%2Fwp%2Fv2%2Fcomments&post=260"}],"version-history":[{"count":0,"href":"https:\/\/www.mfoto.es\/noticias\/index.php?rest_route=\/wp\/v2\/posts\/260\/revisions"}],"wp:attachment":[{"href":"https:\/\/www.mfoto.es\/noticias\/index.php?rest_route=%2Fwp%2Fv2%2Fmedia&parent=260"}],"wp:term":[{"taxonomy":"category","embeddable":true,"href":"https:\/\/www.mfoto.es\/noticias\/index.php?rest_route=%2Fwp%2Fv2%2Fcategories&post=260"},{"taxonomy":"post_tag","embeddable":true,"href":"https:\/\/www.mfoto.es\/noticias\/index.php?rest_route=%2Fwp%2Fv2%2Ftags&post=260"}],"curies":[{"name":"wp","href":"https:\/\/api.w.org\/{rel}","templated":true}]}}