{"id":2598,"date":"2015-11-02T12:03:11","date_gmt":"2015-11-02T11:03:11","guid":{"rendered":"http:\/\/www.mfoto.es\/noticias\/?p=2598"},"modified":"2015-11-03T12:03:21","modified_gmt":"2015-11-03T11:03:21","slug":"daniel-alonso-gana-el-rallye-rias-altas-historico","status":"publish","type":"post","link":"https:\/\/www.mfoto.es\/noticias\/?p=2598","title":{"rendered":"Daniel Alonso gana el Rallye R\u00edas Altas Hist\u00f3rico"},"content":{"rendered":"<div id=\"attachment_2599\" style=\"width: 460px\" class=\"wp-caption alignnone\"><img loading=\"lazy\" decoding=\"async\" aria-describedby=\"caption-attachment-2599\" class=\"wp-image-2599 size-full\" src=\"https:\/\/www.mfoto.es\/noticias\/wp-content\/uploads_2012\/164_rias_altas.jpg\" alt=\"164_rias_altas\" width=\"450\" height=\"300\" srcset=\"https:\/\/www.mfoto.es\/noticias\/wp-content\/uploads_2012\/164_rias_altas.jpg 450w, https:\/\/www.mfoto.es\/noticias\/wp-content\/uploads_2012\/164_rias_altas-300x200.jpg 300w\" sizes=\"auto, (max-width: 450px) 100vw, 450px\" \/><p id=\"caption-attachment-2599\" class=\"wp-caption-text\">Podium Rallye R\u00edas Altas Hist\u00f3rico<\/p><\/div>\n<p>Disputado entre A Coru\u00f1a y Ferrol, el Rallye R\u00edas Altas Hist\u00f3rico terminaba con victoria para Daniel Alonso y Salvador Belzunces con un Ford Sierra 4&#215;4, tras el abandono a falta de dos tramos de Javier Ramos y su Ford Sierra Cosworth que hab\u00eda dominado la prueba hasta ese momento. La segunda plaza era para Vallejo y Boto con un Ford Sierra Cosworth grupo N. S\u00e1inz y Mart\u00ednez-Cattaneo con un BMW 2002 heredaban la tercera plaza al abandonar en el enlace por aver\u00eda Juan Costoya.<\/p>\n<p>La Copa Suzuki Swift se disputaba en el Rallye R\u00edas Altas sustituyendo al suspendido Rallye de Santander Cantabria, tras una gran lucha y manteniendo diferencias m\u00ednimas, se impon\u00eda Fernando Rico, seguido de Efr\u00e9n Llarena y David Cort\u00e9s.<\/p>\n<p><em>Clasificaci\u00f3n Rallye R\u00edas Altas Hist\u00f3rico:<\/em><br \/>\n1\u00ba Alonso-Belzunces (Ford Sierra Cosworth 4X4) 58:28.1<br \/>\n2\u00ba Vallejo-Boto (Ford Sierra Cosworth RS) +39.1<br \/>\n3\u00ba S\u00e1inz-Mtnz-Cattaneo (BMW 2002) +3:33.0<br \/>\n4\u00ba Amor-L\u00f3pez (Seat 1430 Especial 1800) +4:17.4<br \/>\n5\u00ba L\u00f3pez-Cas\u00e1s (Ford Escort RS 2.0 MK I) +4:28.4<\/p>\n<p><em>Clasificaci\u00f3n Copa Suzuki Swift:<\/em><br \/>\n1\u00ba Rico-Murado (Suzuki Swift Sport) 1:00:20.9<br \/>\n2\u00ba Llarena-Zatika (Suzuki Swift Sport) +1.2<br \/>\n3\u00ba Cort\u00e9s-Soto (Suzuki Swift Sport) +35.2<br \/>\n4\u00ba Ma\u00f1\u00e1-Costas (Suzuki Swift Sport) +1:02.9<br \/>\n5\u00ba Palacio-Perez (Suzuki Swift Sport) +1:04.3<\/p>\n","protected":false},"excerpt":{"rendered":"<p>Disputado entre A Coru\u00f1a y Ferrol, el Rallye R\u00edas Altas Hist\u00f3rico terminaba con victoria para Daniel Alonso y Salvador Belzunces con un Ford Sierra 4&#215;4, tras el abandono a falta de dos tramos de Javier Ramos y su Ford Sierra Cosworth que hab\u00eda dominado la prueba hasta ese momento. La segunda plaza era para Vallejo [&hellip;]<\/p>\n","protected":false},"author":1,"featured_media":0,"comment_status":"closed","ping_status":"closed","sticky":false,"template":"","format":"standard","meta":{"footnotes":""},"categories":[134,63,16,64,5,4,151,84],"tags":[],"class_list":["post-2598","post","type-post","status-publish","format-standard","hentry","category-134","category-alonso","category-clasicos","category-galicia","category-nacional","category-rallyes","category-sainz","category-vallejo"],"_links":{"self":[{"href":"https:\/\/www.mfoto.es\/noticias\/index.php?rest_route=\/wp\/v2\/posts\/2598","targetHints":{"allow":["GET"]}}],"collection":[{"href":"https:\/\/www.mfoto.es\/noticias\/index.php?rest_route=\/wp\/v2\/posts"}],"about":[{"href":"https:\/\/www.mfoto.es\/noticias\/index.php?rest_route=\/wp\/v2\/types\/post"}],"author":[{"embeddable":true,"href":"https:\/\/www.mfoto.es\/noticias\/index.php?rest_route=\/wp\/v2\/users\/1"}],"replies":[{"embeddable":true,"href":"https:\/\/www.mfoto.es\/noticias\/index.php?rest_route=%2Fwp%2Fv2%2Fcomments&post=2598"}],"version-history":[{"count":1,"href":"https:\/\/www.mfoto.es\/noticias\/index.php?rest_route=\/wp\/v2\/posts\/2598\/revisions"}],"predecessor-version":[{"id":2600,"href":"https:\/\/www.mfoto.es\/noticias\/index.php?rest_route=\/wp\/v2\/posts\/2598\/revisions\/2600"}],"wp:attachment":[{"href":"https:\/\/www.mfoto.es\/noticias\/index.php?rest_route=%2Fwp%2Fv2%2Fmedia&parent=2598"}],"wp:term":[{"taxonomy":"category","embeddable":true,"href":"https:\/\/www.mfoto.es\/noticias\/index.php?rest_route=%2Fwp%2Fv2%2Fcategories&post=2598"},{"taxonomy":"post_tag","embeddable":true,"href":"https:\/\/www.mfoto.es\/noticias\/index.php?rest_route=%2Fwp%2Fv2%2Ftags&post=2598"}],"curies":[{"name":"wp","href":"https:\/\/api.w.org\/{rel}","templated":true}]}}